{"id":973,"date":"2026-08-09T09:00:17","date_gmt":"2026-08-09T12:00:17","guid":{"rendered":"https:\/\/thaisromano.com.br\/blog\/nao-e-so-intestino-cancer-de-estomago-e-cada-vez-mais-comum-em-adultos-jovens\/"},"modified":"2026-08-10T09:30:38","modified_gmt":"2026-08-10T12:30:38","slug":"nao-e-so-intestino-cancer-de-estomago-e-cada-vez-mais-comum-em-adultos-jovens","status":"publish","type":"post","link":"https:\/\/thaisromano.com.br\/blog\/nao-e-so-intestino-cancer-de-estomago-e-cada-vez-mais-comum-em-adultos-jovens\/","title":{"rendered":"N\u00e3o \u00e9 s\u00f3 intestino: c\u00e2ncer de est\u00f4mago \u00e9 cada vez mais comum em adultos jovens"},"content":{"rendered":"<p>Tradicionalmente associado ao envelhecimento, o <strong>c\u00e2ncer de est\u00f4mago<\/strong> (ou g\u00e1strico) come\u00e7a a aparecer em um novo perfil de pacientes.<\/p>\n<p>Um estudo internacional publicado em abril na revista cient\u00edfica <a href=\"https:\/\/www.cancerbiomed.org\/content\/early\/2024\/08\/07\/j.issn.2095-3941.2024.0159\" target=\"_blank\" rel=\"noopener\"><i>Cancer Biology &amp; Medicine<\/i><\/a>\u00a0identificou aumento da incid\u00eancia da doen\u00e7a entre <strong>adultos jovens<\/strong> nos \u00faltimos anos, ao mesmo tempo em que os casos v\u00eam diminuindo nas faixas et\u00e1rias mais velhas em diferentes pa\u00edses.<\/p>\n<div class=\"noreadme-audima ads video-ads\">\n<div class=\"abrAD\" data-format=\"intext_video\"><\/div>\n<\/div>\n<p>Atualmente, esse \u00e9 o quinto tumor mais frequente no mundo, com quase <strong>1 milh\u00e3o de novos casos por ano<\/strong>. Apesar dos avan\u00e7os no diagn\u00f3stico e no tratamento, a doen\u00e7a ainda costuma ser descoberta em fases avan\u00e7adas, reduzindo as chances de cura e contribuindo para altas taxas de mortalidade, inclusive em na\u00e7\u00f5es de alta renda.<\/p>\n<p>Segundo a pesquisa, o Leste Asi\u00e1tico concentrou quase 54% dos cerca de 968 mil casos registrados mundialmente em 2022, al\u00e9m de 48% das aproximadamente 660 mil mortes associadas ao tumor.<\/p>\n<p>Os pesquisadores alertam que a <strong>mudan\u00e7a no perfil et\u00e1rio da doen\u00e7a<\/strong> levanta preocupa\u00e7\u00f5es sobre fatores de risco emergentes e refor\u00e7a a necessidade de estrat\u00e9gias de preven\u00e7\u00e3o e diagn\u00f3stico precoce tamb\u00e9m entre popula\u00e7\u00f5es mais jovens.<\/p>\n<div class=\"ads post-ads noreadme-audima\">\n    <span class=\"title\">Continua ap\u00f3s a publicidade<\/span><\/p>\n<div class=\"abrAD\" data-format=\"intext\"><\/div>\n<\/div>\n<p><strong>+Leia tamb\u00e9m:\u00a0<a href=\"https:\/\/saude.abril.com.br\/medicina\/cancer-nao-tem-idade-entenda-por-que-casos-entre-jovens-estao-aumentando\/\" target=\"_blank\" rel=\"noopener\">Por que os casos de c\u00e2ncer em jovens n\u00e3o param\u00a0de\u00a0crescer?<\/a><\/strong><\/p>\n<h2>O que mostra a pesquisa<\/h2>\n<p>Os autores avaliaram dados de 2003 a 2017 do GLOBOCAN 2022, que re\u00fane informa\u00e7\u00f5es de 185 na\u00e7\u00f5es. Nesse per\u00edodo, a incid\u00eancia caiu de modo geral, mas aumentou em pa\u00edses como Nova Zel\u00e2ndia, \u00c1frica do Sul, al\u00e9m de regi\u00f5es da Europa e das Am\u00e9ricas. Tamb\u00e9m houve uma tend\u00eancia de <strong>crescimento entre mulheres.<\/strong><\/p>\n<p>\u201cO aumento dos casos de c\u00e2ncer g\u00e1strico em adultos jovens tem chamado aten\u00e7\u00e3o internacionalmente. Hoje sabemos que pessoas nascidas entre as d\u00e9cadas de 1980 e 1990 apresentam taxas significativamente maiores do que gera\u00e7\u00f5es anteriores\u201d, observa o oncologista Roberto Pestana, do Einstein Hospital Israelita.<\/p>\n<p>Essa faixa et\u00e1ria costuma apresentar condi\u00e7\u00f5es como c\u00e2ncer g\u00e1strico difuso heredit\u00e1rio e s\u00edndrome de Lynch, mas elas explicam apenas cerca de 3% das ocorr\u00eancias. \u201cA maioria dos casos ocorre de forma espor\u00e1dica e parece estar relacionada a<strong> mudan\u00e7as comportamentais, ambientais, alimentares e metab\u00f3licas<\/strong>\u201d, afirma Pestana.<\/p>\n<div class=\"ads post-ads noreadme-audima\">\n    <span class=\"title\">Continua ap\u00f3s a publicidade<\/span><\/p>\n<div class=\"abrAD\" data-format=\"intext\"><\/div>\n<\/div>\n<h2>H. pylori e outros fatores de risco<\/h2>\n<p>A bact\u00e9ria <a href=\"https:\/\/saude.abril.com.br\/coluna\/com-a-palavra\/h-pylori-infeccao-bacteriana-de-nattan-e-a-mais-comum-do-planeta\/\" target=\"_blank\" rel=\"noopener\"><em>Helicobacter pylori<\/em> <em>(H. pylori)<\/em><\/a> continua sendo o <strong>principal fator de risco conhecido<\/strong>, respons\u00e1vel por aproximadamente 90% dos casos de c\u00e2ncer g\u00e1strico n\u00e3o c\u00e1rdia, nome da regi\u00e3o pr\u00f3xima \u00e0 transi\u00e7\u00e3o entre es\u00f4fago e est\u00f4mago. Estudos mostram que sua erradica\u00e7\u00e3o pode reduzir em 40% a 50% a incid\u00eancia desse tumor.<\/p>\n<p>Nos \u00faltimos 50 anos, medidas de preven\u00e7\u00e3o relacionadas a higiene e melhores condi\u00e7\u00f5es socioecon\u00f4micas levaram \u00e0 queda da incid\u00eancia desse tipo de c\u00e2ncer em pessoas mais idosas e em v\u00e1rios pa\u00edses asi\u00e1ticos. \u201cMelhorias sanit\u00e1rias, maior acesso ao diagn\u00f3stico e mudan\u00e7as nos h\u00e1bitos alimentares, especialmente redu\u00e7\u00e3o do consumo de sal e melhor conserva\u00e7\u00e3o dos alimentos, tamb\u00e9m tiveram impacto importante\u201d, diz o oncologista.<\/p>\n<p>No entanto, em contraste com a queda geral, a alta de casos no p\u00fablico com menos de 50 anos, especialmente nos pa\u00edses que apresentavam baixa incid\u00eancia, pode ser atribu\u00edda a fatores como <strong>aumento da obesidade<\/strong>, <a href=\"https:\/\/saude.abril.com.br\/medicina\/refluxo-gastroesofagico-entenda-o-problema-e-suas-origens\/\" target=\"_blank\" rel=\"noopener\"><strong>refluxo gastroesof\u00e1gico<\/strong><\/a>, altera\u00e7\u00f5es alimentares e no microbioma g\u00e1strico.<\/p>\n<div class=\"ads post-ads noreadme-audima\">\n    <span class=\"title\">Continua ap\u00f3s a publicidade<\/span><\/p>\n<div class=\"abrAD\" data-format=\"intext\"><\/div>\n<\/div>\n<h2>Preven\u00e7\u00e3o e tratamento<\/h2>\n<p>O cen\u00e1rio atual traz novos desafios para preven\u00e7\u00e3o, diagn\u00f3stico e tratamento. \u201cEsses tumores de in\u00edcio precoce parecem ter caracter\u00edsticas biol\u00f3gicas pr\u00f3prias e frequentemente apresentam comportamento mais agressivo\u201d, destaca Roberto Pestana. \u201cAl\u00e9m disso, como o c\u00e2ncer g\u00e1strico ainda \u00e9 pouco suspeitado em pacientes jovens, muitos casos acabam diagnosticados em est\u00e1gios avan\u00e7ados.\u201d<\/p>\n<p>Al\u00e9m da<em> H. pylori<\/em>, outros fatores de risco importantes incluem tabagismo, <a href=\"https:\/\/saude.abril.com.br\/alimentacao\/10-fatos-sobre-os-danos-do-alcool-e-o-que-esta-sendo-feito-para-combate-los\/\" target=\"_blank\" rel=\"noopener\">consumo excessivo de \u00e1lcool<\/a>, dietas ricas em produtos processados, obesidade, infec\u00e7\u00e3o pelo <a href=\"https:\/\/saude.abril.com.br\/medicina\/mononucleose-virus-da-doenca-do-beijo-pode-ficar-no-corpo-por-toda-a-vida-saiba-os-riscos\/\" target=\"_blank\" rel=\"noopener\"><strong>v\u00edrus Epstein-Barr<\/strong><\/a>, hist\u00f3rico familiar e algumas s\u00edndromes gen\u00e9ticas heredit\u00e1rias.<\/p>\n<p>Em rela\u00e7\u00e3o \u00e0 preven\u00e7\u00e3o, a principal estrat\u00e9gia continua sendo identificar e tratar a infec\u00e7\u00e3o por <em>H. pylori<\/em>. Tamb\u00e9m s\u00e3o recomendadas medidas como reduzir o consumo de \u00e1lcool, evitar o tabagismo, controlar o peso corporal e manter h\u00e1bitos alimentares saud\u00e1veis.<\/p>\n<p><em>*Gabriela Cupani, da Ag\u00eancia Einstein<\/em><\/p>\n<div class=\"ads after-text noreadme-audima\">\n    <span class=\"title\">Publicidade<\/span><\/p>\n<div class=\"abrAD\" data-format=\"aftertext\" data-mapping=\"intext\"><\/div>\n<\/div>\n<p class=\"fonte-original\"><em>Fonte: <a href=\"https:\/\/saude.abril.com.br\/medicina\/nao-e-so-intestino-cancer-de-estomago-e-cada-vez-mais-comum-em-adultos-jovens\/\" target=\"_blank\" rel=\"nofollow noopener\">saude.abril.com.br<\/a><\/em><\/p>\n","protected":false},"excerpt":{"rendered":"<p>Pesquisa internacional mostra aumento da incid\u00eancia em pessoas com menos de 50 anos, enquanto casos diminuem entre idosos em diversos pa\u00edses<\/p>\n","protected":false},"author":3,"featured_media":974,"comment_status":"open","ping_status":"","sticky":false,"template":"","format":"standard","meta":{"footnotes":""},"categories":[111],"tags":[],"class_list":["post-973","post","type-post","status-publish","format-standard","has-post-thumbnail","hentry","category-na-midia"],"_links":{"self":[{"href":"https:\/\/thaisromano.com.br\/blog\/wp-json\/wp\/v2\/posts\/973","targetHints":{"allow":["GET"]}}],"collection":[{"href":"https:\/\/thaisromano.com.br\/blog\/wp-json\/wp\/v2\/posts"}],"about":[{"href":"https:\/\/thaisromano.com.br\/blog\/wp-json\/wp\/v2\/types\/post"}],"author":[{"embeddable":true,"href":"https:\/\/thaisromano.com.br\/blog\/wp-json\/wp\/v2\/users\/3"}],"replies":[{"embeddable":true,"href":"https:\/\/thaisromano.com.br\/blog\/wp-json\/wp\/v2\/comments?post=973"}],"version-history":[{"count":1,"href":"https:\/\/thaisromano.com.br\/blog\/wp-json\/wp\/v2\/posts\/973\/revisions"}],"predecessor-version":[{"id":976,"href":"https:\/\/thaisromano.com.br\/blog\/wp-json\/wp\/v2\/posts\/973\/revisions\/976"}],"wp:featuredmedia":[{"embeddable":true,"href":"https:\/\/thaisromano.com.br\/blog\/wp-json\/wp\/v2\/media\/974"}],"wp:attachment":[{"href":"https:\/\/thaisromano.com.br\/blog\/wp-json\/wp\/v2\/media?parent=973"}],"wp:term":[{"taxonomy":"category","embeddable":true,"href":"https:\/\/thaisromano.com.br\/blog\/wp-json\/wp\/v2\/categories?post=973"},{"taxonomy":"post_tag","embeddable":true,"href":"https:\/\/thaisromano.com.br\/blog\/wp-json\/wp\/v2\/tags?post=973"}],"curies":[{"name":"wp","href":"https:\/\/api.w.org\/{rel}","templated":true}]}}