{"id":969,"date":"2026-08-07T15:00:12","date_gmt":"2026-08-07T18:00:12","guid":{"rendered":"https:\/\/thaisromano.com.br\/blog\/cirurgia-de-lingua-presa-pode-aliviar-a-amamentacao-para-maes-e-bebes-diz-estudo\/"},"modified":"2026-08-10T09:30:38","modified_gmt":"2026-08-10T12:30:38","slug":"cirurgia-de-lingua-presa-pode-aliviar-a-amamentacao-para-maes-e-bebes-diz-estudo","status":"publish","type":"post","link":"https:\/\/thaisromano.com.br\/blog\/cirurgia-de-lingua-presa-pode-aliviar-a-amamentacao-para-maes-e-bebes-diz-estudo\/","title":{"rendered":"Cirurgia de l\u00edngua presa pode aliviar a amamenta\u00e7\u00e3o para m\u00e3es e beb\u00eas, diz estudo"},"content":{"rendered":"<p><span style=\"font-weight: 400\">Crian\u00e7as que nascem com o fr\u00eanulo ou freio lingual \u2014 membrana vista quando levantamos a l\u00edngua \u2014 mais curto ou espesso podem ter maior dificuldade para se alimentar e falar ao longo da vida. <\/span><\/p>\n<p><span style=\"font-weight: 400\">\u00c9 a <strong>anquiloglossia<\/strong>, condi\u00e7\u00e3o mais conhecida como <a href=\"https:\/\/saude.abril.com.br\/familia\/como-flagrar-precocemente-a-lingua-presa\/\" target=\"_blank\" rel=\"noopener\">l\u00edngua presa<\/a> e que pode afetar boa parte dos rec\u00e9m-nascidos.\u00a0<\/span>&#8220;A preval\u00eancia v<span>aria de acordo com a idade, mas, no geral, est\u00e1 em cerca de 8%&#8221;, explica a m\u00e9dica Renata Cantisani di Francesco, presidente do Departamento Cient\u00edfico de Otorrinolaringologia da\u00a0<span class=\"il\">Sociedade Brasileira de Pediatria (SBP).<\/span><\/span><\/p>\n<div class=\"noreadme-audima ads video-ads\">\n<div class=\"abrAD\" data-format=\"intext_video\"><\/div>\n<\/div>\n<p>A malforma\u00e7\u00e3o pode ser rastreada nos primeiros dias de vida, mas o diagn\u00f3stico \u00e9 fechado somente ap\u00f3s uma <strong>an\u00e1lise rigorosa<\/strong> feita por m\u00e9dicos pediatras e otorrinolaringologistas, dentistas e fonoaudi\u00f3logos.<\/p>\n<p><span style=\"font-weight: 400\">&#8220;\u00c9 necess\u00e1ria uma avalia\u00e7\u00e3o anatomo-funcional, ou seja, observar a anatomia do fr\u00eanulo e verificar se ela est\u00e1 ou n\u00e3o atrapalhando o paciente na hora da <a href=\"https:\/\/saude.abril.com.br\/coluna\/pediatria-descomplicada\/amamentacao-sangue-suor-lagrimas-e-um-bem-insuperavel\/\" target=\"_blank\" rel=\"noopener\">amamenta\u00e7\u00e3o<\/a>, <a href=\"https:\/\/saude.abril.com.br\/alimentacao\/\" target=\"_blank\" rel=\"noopener\">alimenta\u00e7\u00e3o<\/a> ou <a href=\"https:\/\/saude.abril.com.br\/medicina\/respostas-geneticas-para-disturbio-da-fala\/\" target=\"_blank\" rel=\"noopener\">fala<\/a>&#8220;,<\/span><span style=\"font-weight: 400\"> explica a fonoaudi\u00f3loga Paula Fernanda Santana, professora da Universidade Federal de Pernambuco (UFPE). Diversos protocolos e escores s\u00e3o utilizados para avaliar os preju\u00edzos.<\/span><\/p>\n<h2>De olho em solu\u00e7\u00f5es<\/h2>\n<p>Feito o diagn\u00f3stico, exerc\u00edcios para adaptar a funcionalidade da l\u00edngua podem ser orientados e, em alguns casos, pode ser necess\u00e1rio realizar um <strong>procedimento cir\u00fargico simples<\/strong> \u2014 que, segundo estudo da UFPE, pode trazer benef\u00edcios aos beb\u00eas e \u00e0s m\u00e3es.<\/p>\n<p><span style=\"font-weight: 400\">\u201cTrata-se da <strong>frenotomia<\/strong>, que pode ser realizada em qualquer idade. Ela consiste em cortar a membrana que est\u00e1 prendendo a l\u00edngua, liberando-a para se movimentar\u201d, descreve Santana. <\/span><\/p>\n<div class=\"ads post-ads noreadme-audima\">\n    <span class=\"title\">Continua ap\u00f3s a publicidade<\/span><\/p>\n<div class=\"abrAD\" data-format=\"intext\"><\/div>\n<\/div>\n<p><span style=\"font-weight: 400\">A profissional orientou um estudo com 40 fam\u00edlias que confirmou o al\u00edvio. Imagens em infravermelho de antes e depois da cirurgia mostram que os m\u00fasculos da boca de <strong>67% dos beb\u00eas fizeram menos esfor\u00e7o<\/strong> com a l\u00edngua \u201csolta\u201d, <strong>reduzindo tamb\u00e9m o desconforto de nove em cada dez m\u00e3es<\/strong>.<\/span><\/p>\n<p><span style=\"font-weight: 400\">O estudo \u00e9 fruto do mestrado da fonoaudi\u00f3loga <span>Midiane Gomes da Silva, defendido na UFPE. O artigo <\/span>foi <a href=\"https:\/\/www.scielo.br\/j\/codas\/a\/x5xjtxRLfsjGvLPmDLmMG5R\/?lang=en\" target=\"_blank\" rel=\"noopener\">publicado no peri\u00f3dico CoDAS<\/a>, da Sociedade Brasileira de Fonoaudiologia (SBFa).<\/span><\/p>\n<h2>Alento ao aleitamento<\/h2>\n<p><span style=\"font-weight: 400\">A <a href=\"https:\/\/saude.abril.com.br\/coluna\/com-a-palavra\/aleitamento-materno-estigmas-mitos-e-desafios\/\" target=\"_blank\" rel=\"noopener\">amamenta\u00e7\u00e3o<\/a> \u00e9 um dos principais desafios da maternidade. E os beb\u00eas com l\u00edngua presa t\u00eam maior dificuldade na pega, param mais vezes de mamar e podem at\u00e9 ter comprometimento no ganho de peso. <\/span><\/p>\n<p><span style=\"font-weight: 400\">Para as m\u00e3es, isso se reflete em mais dores, fissuras e risco de empedramento do leite. \u201cO acesso ao procedimento pode prevenir complica\u00e7\u00f5es a toda a fam\u00edlia\u201d, diz Santana, do time da UFPE.<\/span><\/p>\n<div class=\"ads post-ads noreadme-audima\">\n    <span class=\"title\">Continua ap\u00f3s a publicidade<\/span><\/p>\n<div class=\"abrAD\" data-format=\"intext\"><\/div>\n<\/div>\n<h2>Cuidado integral<\/h2>\n<p><em><span style=\"font-weight: 400\">L\u00edngua presa exige aten\u00e7\u00e3o multiprofissional para acompanhar o desenvolvimento da crian\u00e7a e o bem-estar da m\u00e3e\u00a0<\/span><\/em><\/p>\n<p><strong>Diagn\u00f3stico<\/strong><\/p>\n<p><span style=\"font-weight: 400\">A condi\u00e7\u00e3o \u00e9 rastreada pelo <a href=\"https:\/\/saude.abril.com.br\/coluna\/com-a-palavra\/saude-bucal-dos-bebes-vai-refletir-por-toda-a-vida-veja-os-cuidados\/\" target=\"_blank\" rel=\"noopener\">teste da linguinha<\/a>, exame r\u00e1pido e indolor que avalia o freio da l\u00edngua em rec\u00e9m-nascidos. O procedimento \u00e9 obrigat\u00f3rio no Brasil desde 2014, sendo realizado ainda na maternidade.<\/span><\/p>\n<p><span style=\"font-weight: 400\">A avalia\u00e7\u00e3o precoce, que analisa apenas a anatomia do fr\u00eanulo, pode indicar suspeita da malforma\u00e7\u00e3o. Para fechar o diagn\u00f3stico, \u00e9 preciso tamb\u00e9m olhar para a fun\u00e7\u00e3o, ou seja, se est\u00e1 prejudicando o desenvolvimento dos pequenos.<\/span><\/p>\n<p><strong>Cirurgia<\/strong><\/p>\n<p><span style=\"font-weight: 400\">Corte (frenotomia) ou retirada total (frenectomia) do freio lingual s\u00e3o feitos por dentista ou m\u00e9dico. A indica\u00e7\u00e3o \u00e9 feita com base nas caracter\u00edsticas anat\u00f4micas e funcionais e na idade do paciente. Crian\u00e7as mais velhas e adultos com a l\u00edngua presa tamb\u00e9m podem precisar dos procedimentos.<\/span><\/p>\n<div class=\"ads post-ads noreadme-audima\">\n    <span class=\"title\">Continua ap\u00f3s a publicidade<\/span><\/p>\n<div class=\"abrAD\" data-format=\"intext\"><\/div>\n<\/div>\n<p><strong>P\u00f3s-operat\u00f3rio<\/strong><\/p>\n<p><span style=\"font-weight: 400\">Adapta\u00e7\u00e3o da alimenta\u00e7\u00e3o e da <a href=\"https:\/\/saude.abril.com.br\/familia\/como-entender-o-que-as-criancas-pequenas-falam\/\" target=\"_blank\" rel=\"noopener\">fala da crian\u00e7a<\/a> \u00e9 acompanhada por fonoaudi\u00f3logos e m\u00e9dicos.<\/span><\/p>\n<p><span style=\"font-weight: 400\">&#8220;A r<span>ecupera\u00e7\u00e3o dura poucos dias e, se necess\u00e1rio, podem ser recomendados analg\u00e9sicos e dieta fria e pastosa&#8221;, afirma a otorrinolaringolgista da SBP.<\/span><\/span><\/p>\n<p><strong>Apoio materno<\/strong><\/p>\n<p><span style=\"font-weight: 400\">Profissionais tamb\u00e9m podem ajudar as m\u00e3es a adequar a pega na amamenta\u00e7\u00e3o e tratar les\u00f5es nas mamas.<\/span><\/p>\n<h2>Consulte um especialista<\/h2>\n<p>A Sociedade Brasileira de Pediatria <a href=\"https:\/\/www.sbp.com.br\/fileadmin\/user_upload\/sbp\/2023\/agosto\/01\/24166e-GPA_-_Anquiloglossia-_como_proceder.pdf\" target=\"_blank\" rel=\"noopener\">indica<\/a> que a cirurgia s\u00f3 deve ser realizada em casos de limita\u00e7\u00f5es graves de movimento. Para os demais, abordagens n\u00e3o-cir\u00fargicas devem ser a primeira escolha, evitando assim procedimentos e riscos desnecess\u00e1rios, como sangramentos, infec\u00e7\u00f5es e les\u00f5es na musculatura local.<\/p>\n<div class=\"ads after-text noreadme-audima\">\n    <span class=\"title\">Publicidade<\/span><\/p>\n<div class=\"abrAD\" data-format=\"aftertext\" data-mapping=\"intext\"><\/div>\n<\/div>\n<p class=\"fonte-original\"><em>Fonte: <a href=\"https:\/\/saude.abril.com.br\/familia\/cirurgia-de-lingua-presa-para-bebes-com-anquiloglossia-alivia-a-amamentacao-para-92-das-maes\/\" target=\"_blank\" rel=\"nofollow noopener\">saude.abril.com.br<\/a><\/em><\/p>\n","protected":false},"excerpt":{"rendered":"<p>Procedimento pode ser indicado ap\u00f3s avalia\u00e7\u00e3o multiprofissional rigorosa sobre o impacto da condi\u00e7\u00e3o na amamenta\u00e7\u00e3o e no desenvolvimento das crian\u00e7as<\/p>\n","protected":false},"author":3,"featured_media":970,"comment_status":"open","ping_status":"","sticky":false,"template":"","format":"standard","meta":{"footnotes":""},"categories":[111],"tags":[],"class_list":["post-969","post","type-post","status-publish","format-standard","has-post-thumbnail","hentry","category-na-midia"],"_links":{"self":[{"href":"https:\/\/thaisromano.com.br\/blog\/wp-json\/wp\/v2\/posts\/969","targetHints":{"allow":["GET"]}}],"collection":[{"href":"https:\/\/thaisromano.com.br\/blog\/wp-json\/wp\/v2\/posts"}],"about":[{"href":"https:\/\/thaisromano.com.br\/blog\/wp-json\/wp\/v2\/types\/post"}],"author":[{"embeddable":true,"href":"https:\/\/thaisromano.com.br\/blog\/wp-json\/wp\/v2\/users\/3"}],"replies":[{"embeddable":true,"href":"https:\/\/thaisromano.com.br\/blog\/wp-json\/wp\/v2\/comments?post=969"}],"version-history":[{"count":1,"href":"https:\/\/thaisromano.com.br\/blog\/wp-json\/wp\/v2\/posts\/969\/revisions"}],"predecessor-version":[{"id":978,"href":"https:\/\/thaisromano.com.br\/blog\/wp-json\/wp\/v2\/posts\/969\/revisions\/978"}],"wp:featuredmedia":[{"embeddable":true,"href":"https:\/\/thaisromano.com.br\/blog\/wp-json\/wp\/v2\/media\/970"}],"wp:attachment":[{"href":"https:\/\/thaisromano.com.br\/blog\/wp-json\/wp\/v2\/media?parent=969"}],"wp:term":[{"taxonomy":"category","embeddable":true,"href":"https:\/\/thaisromano.com.br\/blog\/wp-json\/wp\/v2\/categories?post=969"},{"taxonomy":"post_tag","embeddable":true,"href":"https:\/\/thaisromano.com.br\/blog\/wp-json\/wp\/v2\/tags?post=969"}],"curies":[{"name":"wp","href":"https:\/\/api.w.org\/{rel}","templated":true}]}}