{"id":963,"date":"2026-08-04T17:57:04","date_gmt":"2026-08-04T20:57:04","guid":{"rendered":"https:\/\/thaisromano.com.br\/blog\/polilaminina-estudo-com-humanos-e-publicado-em-revista-cientifica\/"},"modified":"2026-08-25T09:41:21","modified_gmt":"2026-08-25T12:41:21","slug":"polilaminina-estudo-com-humanos-e-publicado-em-revista-cientifica","status":"publish","type":"post","link":"https:\/\/thaisromano.com.br\/blog\/polilaminina-estudo-com-humanos-e-publicado-em-revista-cientifica\/","title":{"rendered":"Polilaminina: estudo com humanos \u00e9 publicado em revista cient\u00edfica"},"content":{"rendered":"<p><span style=\"font-weight: 400\">Os resultados de estudos em humanos com a <strong><a href=\"https:\/\/saude.abril.com.br\/tudo-sobre\/polilaminina\" target=\"_blank\" rel=\"noopener\">polilaminina<\/a><\/strong>, subst\u00e2ncia experimental brasileira para o tratamento de<a href=\"https:\/\/saude.abril.com.br\/coluna\/com-a-palavra\/lesao-medular-tratamento-padrao-ouro-ja-existe-mas-nao-chega-a-todos\/\" target=\"_blank\" rel=\"noopener\"> les\u00f5es medulares<\/a>, acabam de ser publicados, <strong>pela primeira vez<\/strong>, em uma revista cient\u00edfica.<\/span><\/p>\n<p><span style=\"font-weight: 400\">O artigo foi disponibilizado nesta ter\u00e7a-feira, 4, no jornal &#8220;<\/span><i><span style=\"font-weight: 400\"><a rel=\"sponsored noopener\" href=\"https:\/\/www.nature.com\/articles\/s41393-026-01238-6\" target=\"_blank\">Spinal Cord<\/a>\u201d<\/span><\/i><span style=\"font-weight: 400\">, do grupo <strong>Nature<\/strong>.<\/span><\/p>\n<div class=\"noreadme-audima ads video-ads\">\n<div class=\"abrAD\" data-format=\"intext_video\"><\/div>\n<\/div>\n<p><span style=\"font-weight: 400\">O documento n\u00e3o apresenta dados novos, mas traz os resultados de um <strong>estudo piloto<\/strong>, realizado em 2016. Essa foi a pesquisa que serviu de base para que a <\/span><a href=\"https:\/\/saude.abril.com.br\/tudo-sobre\/anvisa\" target=\"_blank\" rel=\"noopener\">Ag\u00eancia Nacional de Vigil\u00e2ncia Sanit\u00e1ria (Anvisa)<\/a><span style=\"font-weight: 400\"> autorizasse o in\u00edcio dos <strong>estudos cl\u00ednicos com<\/strong> a subst\u00e2ncia \u2014 pesquisas mais robustas para avaliar seguran\u00e7a e efic\u00e1cia.<\/span><\/p>\n<p><span style=\"font-weight: 400\">At\u00e9 ent\u00e3o, os resultados sobre a polilaminina <strong>ainda n\u00e3o haviam sido publicados<\/strong> em uma revista cient\u00edfica com <strong>revis\u00e3o por pares<\/strong>, processo em que especialistas independentes, de uma mesma \u00e1rea, avaliam a qualidade e a validade do estudo antes da publica\u00e7\u00e3o.<\/span><\/p>\n<p><span style=\"font-weight: 400\"> No meio cient\u00edfico, essa \u00e9 uma etapa necess\u00e1ria para que uma pesquisa seja <strong>reconhecida<\/strong>. <\/span><span style=\"font-weight: 400\">Os dados sobre a subst\u00e2ncia estavam dispon\u00edveis apenas em formato de<strong> pr\u00e9-print<\/strong>, uma vers\u00e3o pr\u00e9via e n\u00e3o avaliada.<\/span><\/p>\n<h2>Por que a pesquisa ainda n\u00e3o estava publicada<\/h2>\n<p><span style=\"font-weight: 400\">Segundo a pesquisadora <a href=\"https:\/\/saude.abril.com.br\/medicina\/tatiana-coelho-de-sampaio-conheca-a-historia-da-criadora-da-polilaminina\/\" target=\"_blank\" rel=\"noopener\">Tatiana Coelho de Sampaio<\/a>, respons\u00e1vel pela cria\u00e7\u00e3o da polilaminina, o trabalho havia sido <strong>rejeitado anteriormente<\/strong> por, ao menos, outros <strong>tr\u00eas peri\u00f3dicos<\/strong> cient\u00edficos.<\/span><\/p>\n<p><span style=\"font-weight: 400\">Entre as justificativas para a rejei\u00e7\u00e3o do artigo estavam d\u00favidas sobre a<strong> taxa de recupera\u00e7\u00e3o dos pacientes<\/strong>, a <strong>aus\u00eancia de registro pr\u00e9vio do ensaio cl\u00ednico<\/strong> e a falta de informa\u00e7\u00f5es sobre o <strong>mecanismo de a\u00e7\u00e3o<\/strong> da polilaminina.<\/span><\/p>\n<div class=\"ads post-ads noreadme-audima\">\n    <span class=\"title\">Continua ap\u00f3s a publicidade<\/span><\/p>\n<div class=\"abrAD\" data-format=\"intext\"><\/div>\n<\/div>\n<p><span style=\"font-weight: 400\">A pesquisadora tamb\u00e9m reconheceu, em entrevista ao G1, uma inconsist\u00eancia nos registros do estudo: um paciente que <strong>morreu<\/strong> poucos dias ap\u00f3s o procedimento aparecia na an\u00e1lise com <strong>dados de melhora<\/strong> cerca de 400 dias depois.\u00a0<\/span><\/p>\n<p><span style=\"font-weight: 400\">Recentemente, por\u00e9m, a bi\u00f3loga havia informado \u00e0 imprensa que faria <strong>novas revis\u00f5es no material<\/strong> e tentaria public\u00e1-lo mais uma vez.<\/span><\/p>\n<p data-pm-slice=\"1 1 []\">Entre as corre\u00e7\u00f5es feitas na vers\u00e3o publicada est\u00e1 a exclus\u00e3o do <strong>dado sobre o paciente falecido<\/strong> e a inclus\u00e3o de mais informa\u00e7\u00f5es sobre o que foi feito para garantir que os participantes n\u00e3o estavam em<strong> choque medular<\/strong>.<\/p>\n<p data-pm-slice=\"1 1 []\">Isso \u00e9 importante porque o choque, que ocorre logo ap\u00f3s a les\u00e3o, pode <strong>mascarar temporariamente<\/strong> a fun\u00e7\u00e3o da medula.\u00a0Quando essa fase passa, pode ocorrer uma<strong> recupera\u00e7\u00e3o espont\u00e2nea<\/strong>, o que dificulta distinguir o efeito do tratamento da evolu\u00e7\u00e3o natural do quadro.<\/p>\n<p><span style=\"font-weight: 400\">O <\/span><i><span style=\"font-weight: 400\">Spinal Cord<\/span><\/i><span style=\"font-weight: 400\">, embora fa\u00e7a parte do grupo <\/span><i><span style=\"font-weight: 400\">Nature<\/span><\/i><span style=\"font-weight: 400\">, dono do peri\u00f3dico renomado de mesmo nome, \u00e9 uma revista com<strong> perfil diferente<\/strong> e, por isso, tamb\u00e9m possui um <strong>fator de impacto<\/strong> distinto.\u00a0<\/span><\/p>\n<div class=\"ads post-ads noreadme-audima\">\n    <span class=\"title\">Continua ap\u00f3s a publicidade<\/span><\/p>\n<div class=\"abrAD\" data-format=\"intext\"><\/div>\n<\/div>\n<p><span style=\"font-weight: 400\">Essa m\u00e9trica indica quantas vezes, em m\u00e9dia, os artigos publicados por uma revista <strong>s\u00e3o citados em outros estudos cient\u00edficos<\/strong>, uma meta que aponta a <strong>relev\u00e2ncia<\/strong> da publica\u00e7\u00e3o.<\/span><\/p>\n<p><span style=\"font-weight: 400\">Enquanto a <\/span><i><span style=\"font-weight: 400\">Nature <\/span><\/i><span style=\"font-weight: 400\">tem fator de impacto de <\/span><b>56.1<\/b><span style=\"font-weight: 400\">, o <\/span><i><span style=\"font-weight: 400\">Spinal Cord <\/span><\/i><span style=\"font-weight: 400\">apresenta \u00edndice de<\/span><b> 1.8<\/b><span style=\"font-weight: 400\">, taxa considerada baixa, mas que pode ser influenciada pelo fato de se tratar de um peri\u00f3dico com tema restrito.<\/span><\/p>\n<p><strong>+Leia tamb\u00e9m:\u00a0<a href=\"https:\/\/saude.abril.com.br\/medicina\/polilaminina-por-que-noticias-sobre-melhoras-devem-ser-lidas-com-cautela\/\" target=\"_blank\" rel=\"noopener\">Polilaminina: por que not\u00edcias sobre a celebrada mol\u00e9cula devem ser lidas com cautela<\/a><\/strong><\/p>\n<h2>Em que p\u00e9 est\u00e3o os estudos<\/h2>\n<p><span style=\"font-weight: 400\">Para que a polilaminina seja aprovada para uso em humanos, precisa passar por <a href=\"https:\/\/saude.abril.com.br\/medicina\/como-interpretar-um-estudo-cientifico\/\" target=\"_blank\" rel=\"noopener\"><strong>ensaios cl\u00ednicos de fases 1, 2 e 3<\/strong><\/a> (saiba mais sobre eles abaixo) registrados e acompanhados pela Anvisa.\u00a0<\/span><\/p>\n<p><span style=\"font-weight: 400\">Em <a href=\"https:\/\/saude.abril.com.br\/medicina\/exclusivo-biologa-tatiana-sampaio-atualiza-em-que-pe-esta-a-pesquisa-com-a-polilaminina\/\" target=\"_blank\" rel=\"noopener\">entrevista exclusiva \u00e0 VEJA SA\u00daDE<\/a>, Sampaio revelou que o estudo cl\u00ednico da polilaminina<strong> ainda n\u00e3o come\u00e7ou<\/strong>.<\/span><\/p>\n<p><span style=\"font-weight: 400\">A fase 1 da pesquisa, que visa testar a seguran\u00e7a da mol\u00e9cula, foi autorizada pela <strong>Anvisa<\/strong> e\u00a0pretende incluir cinco <strong>pacientes com les\u00e3o medular<\/strong>, que ser\u00e3o acompanhados por seis meses ap\u00f3s o procedimento.<\/span><span style=\"font-weight: 400\"><\/span><\/p>\n<div class=\"ads post-ads noreadme-audima\">\n    <span class=\"title\">Continua ap\u00f3s a publicidade<\/span><\/p>\n<div class=\"abrAD\" data-format=\"intext\"><\/div>\n<\/div>\n<p><span style=\"font-weight: 400\">A expectativa dos pesquisadores era concluir essa etapa em<strong> cerca de um ano<\/strong>, considerando a capacidade de atendimento do Hospital das Cl\u00ednicas da USP, onde o estudo deve ser realizado.<\/span><\/p>\n<p><span style=\"font-weight: 400\">No entanto, o in\u00edcio da pesquisa ainda <strong>n\u00e3o teve aprova\u00e7\u00e3o <\/strong>do<strong> Comit\u00ea de \u00c9tica em Pesquisa<\/strong> da institui\u00e7\u00e3o.<\/span><\/p>\n<p><span style=\"font-weight: 400\">&#8220;Como eles s\u00e3o a institui\u00e7\u00e3o principal a tocar a pesquisa [<em>agora<\/em>], <strong>est\u00e1 tudo parado<\/strong>, s\u00f3 aguardando que o HC consiga avan\u00e7ar&#8221;, disse Sampaio.<\/span><\/p>\n<p><strong>+Leia tamb\u00e9m:\u00a0<a href=\"https:\/\/saude.abril.com.br\/medicina\/tatiana-coelho-de-sampaio-conheca-a-historia-da-criadora-da-polilaminina\/\" target=\"_blank\" rel=\"noopener\">Tatiana Coelho de Sampaio: conhe\u00e7a a hist\u00f3ria da criadora da polilaminina<\/a><\/strong><\/p>\n<h2>O que ainda falta saber<\/h2>\n<p><span style=\"font-weight: 400\">O trabalho dispon\u00edvel at\u00e9 hoje sobre a polilaminina \u00e9 um <strong>estudo piloto<\/strong>, feito com poucos pacientes e sem um grupo de compara\u00e7\u00e3o.<\/span><\/p>\n<p><span style=\"font-weight: 400\">Segundo especialistas, esse tipo de pesquisa serve para<strong> levantar hip\u00f3teses<\/strong> e <strong>observar quest\u00f5es iniciais<\/strong>, mas n\u00e3o consegue responder definitivamente diversas perguntas, como:<\/span><\/p>\n<div class=\"ads post-ads noreadme-audima\">\n    <span class=\"title\">Continua ap\u00f3s a publicidade<\/span><\/p>\n<div class=\"abrAD\" data-format=\"intext\"><\/div>\n<\/div>\n<ul>\n<li><span style=\"font-weight: 400\">A melhora ocorreu por causa da polilaminina?<\/span><\/li>\n<li><span style=\"font-weight: 400\">A recupera\u00e7\u00e3o aconteceria mesmo sem o tratamento?<\/span><\/li>\n<li><span style=\"font-weight: 400\">Quais s\u00e3o todos os poss\u00edveis riscos da subst\u00e2ncia?<\/span><\/li>\n<\/ul>\n<p><span style=\"font-weight: 400\">O artigo rec\u00e9m-publicado, ali\u00e1s, alerta que os resultados &#8220;<strong>n\u00e3o permitem conclus\u00f5es sobre a efic\u00e1cia<\/strong>&#8221; da polilaminina.<\/span><\/p>\n<p><span style=\"font-weight: 400\">O caminho para que a mol\u00e9cula possa se tornar um medicamento aprovado um dia ainda envolver\u00e1 outras etapas t\u00edpicas dos estudos chamados &#8220;cl\u00ednicos&#8221;. S\u00e3o elas:<\/span><\/p>\n<p><strong>Fase 1 \u2014 seguran\u00e7a: <\/strong>o primeiro teste em humanos, com<span style=\"font-weight: 400\">\u00a0poucos participantes. Aqui, o<\/span> objetivo principal \u00e9 observar se a subst\u00e2ncia causa efeitos adversos importantes e como o organismo reage ao tratamento. No caso da polilaminina, essa fase foi autorizada pela Anvisa, mas <strong>ainda n\u00e3o come\u00e7ou<\/strong> porque depende da aprova\u00e7\u00e3o do comit\u00ea de \u00e9tica da organiza\u00e7\u00e3o que ir\u00e1 conduzir o estudo.<\/p>\n<p><span style=\"font-weight: 400\"><strong>Fase 2 \u2014 efic\u00e1cia e dose:<\/strong> e<\/span>nvolve mais participantes, reafirma a seguran\u00e7a e avalia se h\u00e1 sinais de benef\u00edcio. Essa etapa ajuda a definir a melhor dose e continua acompanhando poss\u00edveis efeitos colaterais.<\/p>\n<div class=\"ads post-ads noreadme-audima\">\n    <span class=\"title\">Continua ap\u00f3s a publicidade<\/span><\/p>\n<div class=\"abrAD\" data-format=\"intext\"><\/div>\n<\/div>\n<p><strong>Fase 3 \u2014 confirma\u00e7\u00e3o: <\/strong>inclui um n\u00famero ainda maior de pacientes e, normalmente, compara o tratamento com o padr\u00e3o dispon\u00edvel ou com placebo, quando poss\u00edvel. Serve para confirmar se o benef\u00edcio realmente existe e se os riscos s\u00e3o aceit\u00e1veis.<\/p>\n<p><span style=\"font-weight: 400\">S\u00f3 depois dessas etapas, se os resultados forem positivos, a institui\u00e7\u00e3o respons\u00e1vel pode solicitar um registro sanit\u00e1rio.\u00a0<\/span><\/p>\n<p><strong>+Leia tamb\u00e9m:\u00a0<a href=\"https:\/\/saude.abril.com.br\/medicina\/lais-souza-de-pe-tatiana-sampaio-polilaminina\/\" target=\"_blank\" rel=\"noopener\">La\u00eds Souza fica de p\u00e9 em homenagem \u00e0 Tatiana Sampaio, mas n\u00e3o por causa da polilaminina; entenda<\/a><\/strong><\/p>\n<h2>Cr\u00edticas da comunidade cient\u00edfica<\/h2>\n<p data-pm-slice=\"1 1 []\">O principal ponto de cr\u00edtica sobre a empolga\u00e7\u00e3o com a polilaminina \u00e9 a <a href=\"https:\/\/saude.abril.com.br\/coluna\/tome-ciencia\/polilaminina-e-vacina-da-covid-comparacao-faz-sentido\/\" target=\"_blank\" rel=\"noopener\">aus\u00eancia de um grupo controle<\/a> no estudo feito at\u00e9 agora.<\/p>\n<p data-pm-slice=\"1 1 []\">Em estudos cl\u00ednicos, esse grupo recebe um placebo (um rem\u00e9dio &#8220;de mentirinha&#8221;) ou o tratamento padr\u00e3o dispon\u00edvel, e funciona como uma refer\u00eancia para <strong>comparar os resultados<\/strong> e entender se uma melhora observada ocorreu de fato por causa do tratamento ou por outros fatores.<\/p>\n<p data-pm-slice=\"1 1 []\">Um estudo piloto, como esse, n\u00e3o exige um grupo controle, mas tamb\u00e9m n\u00e3o permite inferir a efic\u00e1cia do medicamento.<\/p>\n<p>No caso da les\u00e3o medular, essa compara\u00e7\u00e3o \u00e9 especialmente importante porque parte dos pacientes pode apresentar alguma <strong>recupera\u00e7\u00e3o espont\u00e2nea<\/strong>, dependendo das caracter\u00edsticas do trauma.<\/p>\n<p>Les\u00f5es consideradas incompletas, por exemplo, preservam alguns circuitos nervosos que podem recuperar fun\u00e7\u00f5es ao longo do tempo.<\/p>\n<p>Segundo especialistas, mesmo em casos classificados como les\u00e3o medular completa (quando h\u00e1 uma interrup\u00e7\u00e3o mais grave das vias nervosas) existe uma parcela de pacientes que <strong>pode recuperar algum movimento sem o uso da polilaminina<\/strong>.<\/p>\n<p>Por isso, para determinar o real efeito da subst\u00e2ncia, <strong>ser\u00e3o necess\u00e1rios estudos mais robustos<\/strong>, com acompanhamento padronizado e compara\u00e7\u00e3o entre grupos.<\/p>\n<p data-pm-slice=\"1 1 []\">Tatiana, por\u00e9m, questiona a necessidade de um grupo controle neste caso espec\u00edfico, argumentando que privar pacientes da poss\u00edvel terapia poderia levantar uma<strong> quest\u00e3o \u00e9tica<\/strong>.<\/p>\n<p>&#8220;N\u00e3o podemos ficar discutindo valor de grupo controle no estudo cl\u00ednico, tem muita coisa importante para discutir l\u00e1 na frente e a comunidade fica mobilizada como se isso fosse uma grande quest\u00e3o&#8221;, disse \u00e0 VEJA SA\u00daDE.<\/p>\n<p>Outro ponto ainda sem resposta \u00e9 quem, de fato, se beneficiou das aplica\u00e7\u00f5es anteriores da prote\u00edna feitas por meio de <a href=\"https:\/\/saude.abril.com.br\/medicina\/polilaminina-uso-compassivo-decisao-judicial\/\" target=\"_blank\" rel=\"noopener\">decis\u00f5es judiciais<\/a>.<\/p>\n<p>Como esses pacientes receberam o medicamento dentro de um programa de<strong> uso compassivo<\/strong>, n\u00e3o h\u00e1 uma base de dados sistematizada com informa\u00e7\u00f5es detalhadas sobre evolu\u00e7\u00e3o cl\u00ednica.<\/p>\n<p>Para pesquisadores independentes,<strong> faltam informa\u00e7\u00f5es essenciais<\/strong> para interpretar esses relatos: qual era o tipo de les\u00e3o, o n\u00edvel da medula afetado, h\u00e1 quanto tempo o paciente havia sofrido o trauma e qual era sua condi\u00e7\u00e3o antes da aplica\u00e7\u00e3o.<\/p>\n<div class=\"noreadme-audima abril-web-story-embed\" data-web-story-lazy=\"1\" data-web-story-state=\"idle\">\n<h3>Polilaminina: o que \u00e9 e como funciona?<\/h3>\n<div class=\"abril-web-story-media\">\n<div class=\"abril-web-story-loader\" aria-hidden=\"true\"><span class=\"abril-web-story-loader-spinner\"><\/span><\/div>\n<\/div>\n<\/div>\n<div class=\"ads after-text noreadme-audima\">\n    <span class=\"title\">Publicidade<\/span><\/p>\n<div class=\"abrAD\" data-format=\"aftertext\" data-mapping=\"intext\"><\/div>\n<\/div>\n<p class=\"fonte-original\"><em>Fonte: <a href=\"https:\/\/saude.abril.com.br\/medicina\/estudo-sobre-polilaminina-com-humanos-e-publicado-em-revista-cientifica\/\" target=\"_blank\" rel=\"nofollow noopener\">saude.abril.com.br<\/a><\/em><\/p>\n","protected":false},"excerpt":{"rendered":"<p>Ap\u00f3s s\u00e9rie de rejei\u00e7\u00f5es iniciais, pesquisa sobre uso da subst\u00e2ncia em pacientes com les\u00e3o medular foi aceita por revista do grupo Nature<\/p>\n","protected":false},"author":4,"featured_media":964,"comment_status":"open","ping_status":"closed","sticky":false,"template":"","format":"standard","meta":{"footnotes":""},"categories":[111],"tags":[],"class_list":["post-963","post","type-post","status-publish","format-standard","has-post-thumbnail","hentry","category-na-midia"],"_links":{"self":[{"href":"https:\/\/thaisromano.com.br\/blog\/wp-json\/wp\/v2\/posts\/963","targetHints":{"allow":["GET"]}}],"collection":[{"href":"https:\/\/thaisromano.com.br\/blog\/wp-json\/wp\/v2\/posts"}],"about":[{"href":"https:\/\/thaisromano.com.br\/blog\/wp-json\/wp\/v2\/types\/post"}],"author":[{"embeddable":true,"href":"https:\/\/thaisromano.com.br\/blog\/wp-json\/wp\/v2\/users\/4"}],"replies":[{"embeddable":true,"href":"https:\/\/thaisromano.com.br\/blog\/wp-json\/wp\/v2\/comments?post=963"}],"version-history":[{"count":1,"href":"https:\/\/thaisromano.com.br\/blog\/wp-json\/wp\/v2\/posts\/963\/revisions"}],"predecessor-version":[{"id":981,"href":"https:\/\/thaisromano.com.br\/blog\/wp-json\/wp\/v2\/posts\/963\/revisions\/981"}],"wp:featuredmedia":[{"embeddable":true,"href":"https:\/\/thaisromano.com.br\/blog\/wp-json\/wp\/v2\/media\/964"}],"wp:attachment":[{"href":"https:\/\/thaisromano.com.br\/blog\/wp-json\/wp\/v2\/media?parent=963"}],"wp:term":[{"taxonomy":"category","embeddable":true,"href":"https:\/\/thaisromano.com.br\/blog\/wp-json\/wp\/v2\/categories?post=963"},{"taxonomy":"post_tag","embeddable":true,"href":"https:\/\/thaisromano.com.br\/blog\/wp-json\/wp\/v2\/tags?post=963"}],"curies":[{"name":"wp","href":"https:\/\/api.w.org\/{rel}","templated":true}]}}