{"id":955,"date":"2026-08-01T08:00:06","date_gmt":"2026-08-01T11:00:06","guid":{"rendered":"https:\/\/thaisromano.com.br\/blog\/diagnostico-tardio-deixa-quase-metade-dos-pacientes-com-cancer-de-pulmao-sem-tratamento\/"},"modified":"2026-08-25T09:41:09","modified_gmt":"2026-08-25T12:41:09","slug":"diagnostico-tardio-deixa-quase-metade-dos-pacientes-com-cancer-de-pulmao-sem-tratamento","status":"publish","type":"post","link":"https:\/\/thaisromano.com.br\/blog\/diagnostico-tardio-deixa-quase-metade-dos-pacientes-com-cancer-de-pulmao-sem-tratamento\/","title":{"rendered":"Diagn\u00f3stico tardio deixa quase metade dos pacientes com c\u00e2ncer de pulm\u00e3o sem tratamento"},"content":{"rendered":"<p>Um estudo nacional realizado nos Estados Unidos, publicado em maio no<em> <a href=\"https:\/\/jamanetwork.com\/journals\/jamaoncology\/article-abstract\/2848634\" target=\"_blank\" rel=\"noopener\">JAMA Oncology<\/a><\/em>, chama aten\u00e7\u00e3o para o tratamento do <a href=\"https:\/\/saude.abril.com.br\/tudo-sobre\/cancer-de-pulmao\" target=\"_blank\" rel=\"noopener\">c\u00e2ncer de pulm\u00e3o<\/a>, uma das neoplasias com maiores \u00edndices de <b>mortalidade<\/b>.<\/p>\n<p>A an\u00e1lise revela que quase metade (<strong>46,8%<\/strong>) dos pacientes n\u00e3o recebeu nenhum tratamento contra a doen\u00e7a. Cerca de <strong>um ter\u00e7o morreu<\/strong> no intervalo de <strong>90 dias<\/strong> ap\u00f3s o diagn\u00f3stico e mais de um ter\u00e7o <strong>n\u00e3o chegou a se consultar<\/strong> com um oncologista.<\/p>\n<div class=\"noreadme-audima ads video-ads\">\n<div class=\"abrAD\" data-format=\"intext_video\"><\/div>\n<\/div>\n<p>O estudo populacional avaliou mais de <strong>250 mil pessoas<\/strong> ao longo de <strong>15 anos<\/strong>, entre 2006 e 2021, a partir de dados do Surveillance Epidemiology and End Results (SEER) e do Medicare, programa de seguro de sa\u00fade do governo dos EUA.<\/p>\n<p>Os indiv\u00edduos eram portadores de <b><a href=\"https:\/\/saude.abril.com.br\/tudo-sobre\/cancer\" target=\"_blank\" rel=\"noopener\">c\u00e2ncer<\/a> de c\u00e9lulas n\u00e3o pequenas<\/b>, o tipo mais comum de <b>c\u00e2ncer de pulm\u00e3o<\/b>.<\/p>\n<p>No Brasil, esse \u00e9 o <strong>terceiro tumor<\/strong> mais comum em homens e o quarto em mulheres, sem contar o <a href=\"https:\/\/saude.abril.com.br\/medicina\/cancer-de-pele-dermatologistas-oferecerao-atendimento-gratuito-em-todo-o-brasil\/\" target=\"_blank\" rel=\"noopener\"><b>c\u00e2ncer de pele n\u00e3o melanoma<\/b><\/a>, segundo o Instituto Nacional de C\u00e2ncer (Inca).<\/p>\n<p>\u00c9 o que mais <strong>mata<\/strong> entre os homens e o segundo entre as mulheres. Cerca de <strong>85%<\/strong> dos casos est\u00e3o associados ao consumo de derivados de <a href=\"https:\/\/saude.abril.com.br\/tudo-sobre\/tabagismo\" target=\"_blank\" rel=\"noopener\"><b>tabaco<\/b><\/a>.<\/p>\n<div class=\"ads post-ads noreadme-audima\">\n    <span class=\"title\">Continua ap\u00f3s a publicidade<\/span><\/p>\n<div class=\"abrAD\" data-format=\"intext\"><\/div>\n<\/div>\n<p>Embora esse tipo de estudo populacional n\u00e3o investigue as <strong>causas<\/strong> por tr\u00e1s dos achados, \u00e9 poss\u00edvel apontar algumas possibilidades.<\/p>\n<p>\u201cN\u00e3o se sabe se \u00e9 porque a doen\u00e7a era muito agressiva, se foi rapidamente fatal, se n\u00e3o houve tempo&#8230;\u201d, especula o oncologista Gustavo Schvartsman, do Einstein Hospital Israelita. Tamb\u00e9m n\u00e3o fica claro se deixar de se tratar foi uma op\u00e7\u00e3o dos pr\u00f3prios pacientes.<\/p>\n<p>Mas a pesquisa alerta para um problema comum: o <b>diagn\u00f3stico tardio<\/b>.<\/p>\n<p>\u201c\u00c0s vezes, h\u00e1 uma demora no sistema de sa\u00fade para fazer todas as etapas do diagn\u00f3stico, referenciar ao oncologista e conseguir tratamento em tempo\u201d, analisa Schvartsman.<\/p>\n<div class=\"ads post-ads noreadme-audima\">\n    <span class=\"title\">Continua ap\u00f3s a publicidade<\/span><\/p>\n<div class=\"abrAD\" data-format=\"intext\"><\/div>\n<\/div>\n<p>Por outro lado, sabe-se que o <b>c\u00e2ncer de pulm\u00e3o<\/b> demora a causar <b>sintomas<\/b>, por isso frequentemente \u00e9 flagrado em est\u00e1gios avan\u00e7ados.<\/p>\n<p>No Brasil, apenas cerca de<strong> 15% dos casos<\/strong> s\u00e3o diagnosticados em est\u00e1gio inicial, quando a doen\u00e7a ainda est\u00e1 localizada e n\u00e3o se espalhou para outros \u00f3rg\u00e3os.<\/p>\n<p>Quando o diagn\u00f3stico \u00e9 feito precocemente, a taxa de <b>sobrevida<\/b> em cinco anos \u00e9 de<strong> 56%<\/strong>; quando \u00e9 detectada mais tarde, esse \u00edndice cai para <strong>18%<\/strong>.<\/p>\n<p>Segundo um documento com <a href=\"https:\/\/observatorio-api.fm.usp.br\/server\/api\/core\/bitstreams\/92a03bc0-9f67-44b1-8c11-320d1d309f95\/content\" target=\"_blank\" rel=\"noopener\">orienta\u00e7\u00f5es para rastreio<\/a>, publicado por v\u00e1rias sociedades m\u00e9dicas brasileiras, um dos motivos para o atraso no diagn\u00f3stico \u00e9 que nem sempre exames como a <b>tomografia computadorizada<\/b> est\u00e3o facilmente acess\u00edveis.<\/p>\n<div class=\"ads post-ads noreadme-audima\">\n    <span class=\"title\">Continua ap\u00f3s a publicidade<\/span><\/p>\n<div class=\"abrAD\" data-format=\"intext\"><\/div>\n<\/div>\n<p>Al\u00e9m disso, os tratamentos mais modernos, como a <b>imunoterapia<\/b>, que estimula o pr\u00f3prio sistema imunol\u00f3gico a combater a doen\u00e7a, e as <b>terapias-alvo<\/b>, em que drogas s\u00e3o direcionadas especificamente \u00e0s c\u00e9lulas tumorais, dependem de avalia\u00e7\u00e3o das muta\u00e7\u00f5es presentes no tumor.<\/p>\n<p>No Brasil, o diagn\u00f3stico em est\u00e1gio inicial tamb\u00e9m \u00e9 mais frequente em pessoas brancas que nunca fumaram, e a mortalidade cai quanto maior a escolaridade, mostra um estudo retrospectivo <a href=\"https:\/\/revistas.usp.br\/rsp\/pt_BR\/article\/view\/225614\/204956\" target=\"_blank\" rel=\"noopener\">publicado na Revista de Sa\u00fade P\u00fablica<\/a>.<\/p>\n<p>Os autores compararam dados sobre <b>tabagismo<\/b>, registros de c\u00e2ncer e distribui\u00e7\u00e3o da mortalidade da doen\u00e7a no pa\u00eds.<\/p>\n<p>\u201cAcho que talvez o grande problema ainda seja um <strong>diagn\u00f3stico tardio<\/strong> e, possivelmente, <strong>falhas do sistema<\/strong> em conseguir levar esse paciente com suspeita inicial a um diagn\u00f3stico <strong>assertivo<\/strong> de forma <strong>r\u00e1pida<\/strong> e precisa, para que tenha oportunidade e possa come\u00e7ar o <strong>tratamento<\/strong> caso queira\u201d, avalia o oncologista.<\/p>\n<div class=\"ads post-ads noreadme-audima\">\n    <span class=\"title\">Continua ap\u00f3s a publicidade<\/span><\/p>\n<div class=\"abrAD\" data-format=\"intext\"><\/div>\n<\/div>\n<p>O <b>rastreamento<\/b> do <b>c\u00e2ncer de pulm\u00e3o<\/b> \u2014 por meio do exame anual de <b>tomografia de baixa radia\u00e7\u00e3o<\/b> \u2014 deve ser feito em fumantes e ex-fumantes com <strong>50 anos ou mais<\/strong>, com carga tab\u00e1gica maior que <strong>20 anos-ma\u00e7o<\/strong> (calculado a partir do n\u00famero de ma\u00e7os fumados por dia pelo n\u00famero de anos) e que tenham parado de fumar h\u00e1 <strong>menos de 15 anos.<\/strong><\/p>\n<p><em>*Fonte: Ag\u00eancia Einstein<\/em><\/p>\n<div class=\"ads after-text noreadme-audima\">\n    <span class=\"title\">Publicidade<\/span><\/p>\n<div class=\"abrAD\" data-format=\"aftertext\" data-mapping=\"intext\"><\/div>\n<\/div>\n<p class=\"fonte-original\"><em>Fonte: <a href=\"https:\/\/saude.abril.com.br\/medicina\/diagnostico-tardio-e-falta-de-tratamento-agravam-cancer-de-pulmao\/\" target=\"_blank\" rel=\"nofollow noopener\">saude.abril.com.br<\/a><\/em><\/p>\n","protected":false},"excerpt":{"rendered":"<p>Levantamento nos EUA revela que quase metade dos pacientes n\u00e3o trata a doen\u00e7a; no Brasil, apenas 15% s\u00e3o diagnosticados em est\u00e1gio inicial<\/p>\n","protected":false},"author":4,"featured_media":956,"comment_status":"open","ping_status":"closed","sticky":false,"template":"","format":"standard","meta":{"footnotes":""},"categories":[111],"tags":[],"class_list":["post-955","post","type-post","status-publish","format-standard","has-post-thumbnail","hentry","category-na-midia"],"_links":{"self":[{"href":"https:\/\/thaisromano.com.br\/blog\/wp-json\/wp\/v2\/posts\/955","targetHints":{"allow":["GET"]}}],"collection":[{"href":"https:\/\/thaisromano.com.br\/blog\/wp-json\/wp\/v2\/posts"}],"about":[{"href":"https:\/\/thaisromano.com.br\/blog\/wp-json\/wp\/v2\/types\/post"}],"author":[{"embeddable":true,"href":"https:\/\/thaisromano.com.br\/blog\/wp-json\/wp\/v2\/users\/4"}],"replies":[{"embeddable":true,"href":"https:\/\/thaisromano.com.br\/blog\/wp-json\/wp\/v2\/comments?post=955"}],"version-history":[{"count":1,"href":"https:\/\/thaisromano.com.br\/blog\/wp-json\/wp\/v2\/posts\/955\/revisions"}],"predecessor-version":[{"id":983,"href":"https:\/\/thaisromano.com.br\/blog\/wp-json\/wp\/v2\/posts\/955\/revisions\/983"}],"wp:featuredmedia":[{"embeddable":true,"href":"https:\/\/thaisromano.com.br\/blog\/wp-json\/wp\/v2\/media\/956"}],"wp:attachment":[{"href":"https:\/\/thaisromano.com.br\/blog\/wp-json\/wp\/v2\/media?parent=955"}],"wp:term":[{"taxonomy":"category","embeddable":true,"href":"https:\/\/thaisromano.com.br\/blog\/wp-json\/wp\/v2\/categories?post=955"},{"taxonomy":"post_tag","embeddable":true,"href":"https:\/\/thaisromano.com.br\/blog\/wp-json\/wp\/v2\/tags?post=955"}],"curies":[{"name":"wp","href":"https:\/\/api.w.org\/{rel}","templated":true}]}}