{"id":1085,"date":"2026-09-03T18:49:59","date_gmt":"2026-09-03T21:49:59","guid":{"rendered":"https:\/\/thaisromano.com.br\/blog\/lito-sousa-deixa-hospital-para-receber-cuidados-paliativos-em-casa-entenda-como-funciona\/"},"modified":"2026-09-03T23:19:49","modified_gmt":"2026-09-04T02:19:49","slug":"lito-sousa-deixa-hospital-para-receber-cuidados-paliativos-em-casa-entenda","status":"publish","type":"post","link":"https:\/\/thaisromano.com.br\/blog\/lito-sousa-deixa-hospital-para-receber-cuidados-paliativos-em-casa-entenda\/","title":{"rendered":"Lito Sousa deixa hospital para receber cuidados paliativos em casa: entenda como funciona"},"content":{"rendered":"<p>Ap\u00f3s semanas internado no Einstein Hospital Israelita, o piloto e influenciador da avia\u00e7\u00e3o <strong>Lito Sousa<\/strong> voltou para casa, onde receber\u00e1 <a href=\"https:\/\/saude.abril.com.br\/medicina\/o-que-sao-cuidados-paliativos-e-caso-pele\/\" target=\"_blank\" rel=\"noopener\">cuidados paliativos<\/a> para o tratamento da <a href=\"https:\/\/saude.abril.com.br\/medicina\/lito-sousa-recebe-diagnostico-de-creutzfeld-jakob-entenda-a-condicao-cerebral-degenerativa\/\" target=\"_blank\" rel=\"noopener\">doen\u00e7a de <\/a><span>Creutzfeldt-Jakob.\u00a0<\/span><\/p>\n<p>Em v\u00eddeo publicado no YouTube, no \u00faltimo s\u00e1bado (29\/8), Lito comentou que sua casa estava sendo adaptada para comportar equipamentos que garantam o<strong> tratamento domiciliar<\/strong>. &#8220;Isso vai me ajudar muito a<strong> ficar perto do meu filho<\/strong>, e o meu filho tem um pensamento muito forte tamb\u00e9m, que vai me ajudar na recupera\u00e7\u00e3o cada vez mais r\u00e1pida&#8221;, disse.<\/p>\n<div class=\"noreadme-audima ads video-ads\">\n<div class=\"abrAD\" data-format=\"intext_video\"><\/div>\n<\/div>\n<p>Segundo a assessoria de imprensa da fam\u00edlia, Lito est\u00e1 em casa desde o dia 1\u00ba de setembro e disp\u00f5e de uma equipe com quatro enfermeiros que se revezam para dar suporte a ele 24 horas por dia.<\/p>\n<h2>O que \u00e9 a doen\u00e7a de Creutzfeldt-Jakob (DCJ)<\/h2>\n<p>A doen\u00e7a de <span>Creutzfeldt-Jakob (DCJ) \u00e9 uma <strong>doen\u00e7a rara, degenerativa e sem cura<\/strong>. &#8220;\u00c9 uma condi\u00e7\u00e3o causada pelo ac\u00famulo de pr\u00edons no sistema nervoso, prote\u00ednas infecciosas que <\/span>pode levar ao quadro de dem\u00eancia, altera\u00e7\u00e3o do movimento e altera\u00e7\u00e3o da degluti\u00e7\u00e3o, entre outros sintomas&#8221;, explica o m\u00e9dico geneticista Caio Bruzaca, da Centogene, empresa do ramo de diagn\u00f3stico gen\u00e9tico e medicina de precis\u00e3o.<\/p>\n<p>&#8220;\u00c9 uma doen\u00e7a dificilmente diagnosticada, pois pode ser confundida com outras doen\u00e7as neurol\u00f3gicas mais comuns, como <a href=\"https:\/\/saude.abril.com.br\/medicina\/parkinson-redescoberto-novos-tratamentos-renovam-esperancas-de-pacientes\/\" target=\"_blank\" rel=\"noopener\">Parkinson<\/a> e <a href=\"https:\/\/saude.abril.com.br\/medicina\/alzheimer-novidades-da-ciencia-para-salvar-as-engrenagens-do-cerebro\/\" target=\"_blank\" rel=\"noopener\">Alzheimer<\/a>&#8220;, completa.<\/p>\n<div class=\"ads post-ads noreadme-audima\">\n    <span class=\"title\">Continua ap\u00f3s a publicidade<\/span><\/p>\n<div class=\"abrAD\" data-format=\"intext\"><\/div>\n<\/div>\n<h2>Cuidados paliativos<\/h2>\n<p>N\u00e3o h\u00e1 tratamento espec\u00edfico para a DCJ \u2014 isto \u00e9, a doen\u00e7a n\u00e3o pode ser revertida, retardada ou curada por medica\u00e7\u00f5es. Por isso, o tratamento \u00e9 paliativo, ou seja, voltado para <strong>dar suporte e conforto ao paciente<\/strong>.<\/p>\n<p>Nesse sentido, <strong>tratam-se os sintomas<\/strong> que podem aparecer com a evolu\u00e7\u00e3o do quadro, como a perda de equil\u00edbrio, altera\u00e7\u00f5es visuais, espasmos, tremores e dificuldade para engolir e falar, al\u00e9m de mudan\u00e7as de humor.<\/p>\n<p>Em <a href=\"https:\/\/saude.abril.com.br\/medicina\/ana-claudia-quintana-arantes-o-brasil-e-um-dos-piores-paises-do-mundo-para-morrer\/\" target=\"_blank\" rel=\"noopener\">entrevista \u00e0 VEJA SA\u00daDE publicada em maio<\/a>, a geriatra Ana Cl\u00e1udia Arantes Quintana, uma das maiores especialistas em cuidados paliativos do pa\u00eds, explicou a import\u00e2ncia do m\u00e9todo para pessoas com enfrentam doen\u00e7as graves. &#8220;<span style=\"font-weight: 400\">Os cuidados paliativos [&#8230;] oferecem a esse paciente uma assist\u00eancia integral para lidar com esse processo, aliviando dores, integrando a fam\u00edlia, garantindo que a pessoa tenha qualidade de vida at\u00e9 seus \u00faltimos dias.&#8221;<\/span><\/p>\n<div class=\"ads post-ads noreadme-audima\">\n    <span class=\"title\">Continua ap\u00f3s a publicidade<\/span><\/p>\n<div class=\"abrAD\" data-format=\"intext\"><\/div>\n<\/div>\n<div class=\"noreadme-audima abril-web-story-embed\" data-web-story-lazy=\"1\" data-web-story-state=\"idle\">\n<h3>Quem cuida do cuidador?<\/h3>\n<div class=\"abril-web-story-media\">\n<div class=\"abril-web-story-loader\" aria-hidden=\"true\"><span class=\"abril-web-story-loader-spinner\"><\/span><\/div>\n<\/div>\n<\/div>\n<section class=\"noreadme-audima block newsletter  single-newsletter\">\n<div class=\"noreadme-audima title-newsletter\">Newsletter<\/div>\n<div class=\"container\">\n<div class=\"row\">\n<div class=\"noreadme-audima col-s-12 col-l-12 newsletter-single-desc\">\n                            <span class=\"description\">Receba, toda semana, as reportagens de Veja Sa\u00fade que mais deram o que falar.<br \/>\n                                <strong><br \/>\n                                    <span class=\"noreadme-audima btn-newsletter-assine\">Inscreva-se aqui<\/span><br \/>\n                                <\/strong>para receber a nossa newsletter<br \/>\n                            <\/span>\n                        <\/div>\n<div class=\"noreadme-audima sib_embed_signup col-s-12 col-l-12 content-newsletter\" data-form=\"the_form_SAUDE811\">\n<fieldset>\n<div class=\"sib_loading_gif_area\">\n                                    <img decoding=\"async\" src=\"https:\/\/thaisromano.com.br\/blog\/wp-content\/uploads\/2026\/09\/ajax-loader.webp\" class=\"noreadme-audima widget-newsletter-loading-img\" alt=\"Carregando\">\n                                <\/div>\n<div class=\"noreadme-audima widget-newsletter-white-transparent\"><\/div>\n<p>                                <i class=\"icon exclamation-outline\"><\/i><\/p>\n<\/fieldset>\n<div class=\"abril-offers\">\n<p>                                    <label for=\"ABRIL_OFFERS_SAUDE811\">Aceito receber ofertas produtos e servi\u00e7os do Grupo Abril.<\/label>\n                                <\/div>\n<div class=\"sib-container\"><\/div>\n<\/p><\/div>\n<div class=\"msg-return\">\n<h2>Cadastro efetuado com sucesso!<\/h2>\n<p>Voc\u00ea receber\u00e1 nossas newsletters em breve.<\/p>\n<\/p><\/div>\n<\/p><\/div>\n<\/p><\/div>\n<\/section>\n<p><a class=\"whatsapp-news-single\" href=\"https:\/\/whatsapp.com\/channel\/0029VaAXUgQG3R3lgKOS5n45\" target=\"_blank\" rel=\"noopener\"><span>Clique aqui para entrar em nosso canal no WhatsApp<\/span><\/a><\/p>\n<div class=\"ads after-text noreadme-audima\">\n    <span class=\"title\">Publicidade<\/span><\/p>\n<div class=\"abrAD\" data-format=\"aftertext\" data-mapping=\"intext\"><\/div>\n<\/div>\n<p class=\"fonte-original\"><em>Fonte: <a href=\"https:\/\/saude.abril.com.br\/medicina\/lito-sousa-deixa-hospital-para-receber-cuidados-paliativos-em-casa-entenda-como-funciona\/\" target=\"_blank\" rel=\"nofollow noopener\">saude.abril.com.br<\/a><\/em><\/p>\n","protected":false},"excerpt":{"rendered":"<p>Casa do piloto foi adaptada para comportar equipamentos e conta com a presen\u00e7a de enfermeiros 24 horas por dia para dar suporte ao influenciador<\/p>\n","protected":false},"author":0,"featured_media":1086,"comment_status":"open","ping_status":"","sticky":false,"template":"","format":"standard","meta":{"footnotes":""},"categories":[1],"tags":[],"class_list":["post-1085","post","type-post","status-publish","format-standard","has-post-thumbnail","hentry","category-nutricao"],"_links":{"self":[{"href":"https:\/\/thaisromano.com.br\/blog\/wp-json\/wp\/v2\/posts\/1085","targetHints":{"allow":["GET"]}}],"collection":[{"href":"https:\/\/thaisromano.com.br\/blog\/wp-json\/wp\/v2\/posts"}],"about":[{"href":"https:\/\/thaisromano.com.br\/blog\/wp-json\/wp\/v2\/types\/post"}],"replies":[{"embeddable":true,"href":"https:\/\/thaisromano.com.br\/blog\/wp-json\/wp\/v2\/comments?post=1085"}],"version-history":[{"count":1,"href":"https:\/\/thaisromano.com.br\/blog\/wp-json\/wp\/v2\/posts\/1085\/revisions"}],"predecessor-version":[{"id":1088,"href":"https:\/\/thaisromano.com.br\/blog\/wp-json\/wp\/v2\/posts\/1085\/revisions\/1088"}],"wp:featuredmedia":[{"embeddable":true,"href":"https:\/\/thaisromano.com.br\/blog\/wp-json\/wp\/v2\/media\/1086"}],"wp:attachment":[{"href":"https:\/\/thaisromano.com.br\/blog\/wp-json\/wp\/v2\/media?parent=1085"}],"wp:term":[{"taxonomy":"category","embeddable":true,"href":"https:\/\/thaisromano.com.br\/blog\/wp-json\/wp\/v2\/categories?post=1085"},{"taxonomy":"post_tag","embeddable":true,"href":"https:\/\/thaisromano.com.br\/blog\/wp-json\/wp\/v2\/tags?post=1085"}],"curies":[{"name":"wp","href":"https:\/\/api.w.org\/{rel}","templated":true}]}}