{"id":1081,"date":"2026-09-02T16:36:52","date_gmt":"2026-09-02T19:36:52","guid":{"rendered":"https:\/\/thaisromano.com.br\/blog\/nem-toda-perda-de-memoria-e-alzheimer-conheca-outros-tipos-de-demencia\/"},"modified":"2026-09-02T22:23:21","modified_gmt":"2026-09-03T01:23:21","slug":"nem-toda-perda-de-memoria-e-alzheimer-conheca-outros-tipos-de-demencia","status":"publish","type":"post","link":"https:\/\/thaisromano.com.br\/blog\/nem-toda-perda-de-memoria-e-alzheimer-conheca-outros-tipos-de-demencia\/","title":{"rendered":"Nem toda perda de mem\u00f3ria \u00e9 Alzheimer: conhe\u00e7a outros tipos de dem\u00eancia"},"content":{"rendered":"<p>Quando uma pessoa idosa come\u00e7a a apresentar<strong> altera\u00e7\u00f5es cognitivas<\/strong>, \u00e9 comum que familiares pensem imediatamente em <a href=\"https:\/\/saude.abril.com.br\/tudo-sobre\/alzheimer\" target=\"_blank\" rel=\"noopener\"><strong>Alzheimer<\/strong><\/a>. Embora essa seja a causa mais frequente de dem\u00eancia, ela est\u00e1 longe de ser a \u00fanica.<\/p>\n<p>Na realidade, <strong>dem\u00eancia<\/strong> n\u00e3o \u00e9 uma doen\u00e7a espec\u00edfica, mas uma s\u00edndrome causada por diferentes enfermidades que comprometem o funcionamento do c\u00e9rebro. Algumas afetam principalmente a <strong>mem\u00f3ria<\/strong>. Outras come\u00e7am alterando o comportamento, a linguagem, a personalidade ou at\u00e9 provocando alucina\u00e7\u00f5es.<\/p>\n<div class=\"noreadme-audima ads video-ads\">\n<div class=\"abrAD\" data-format=\"intext_video\"><\/div>\n<\/div>\n<p>Reconhecer essas diferen\u00e7as \u00e9 essencial, porque o diagn\u00f3stico correto influencia diretamente o tratamento, o acompanhamento e a orienta\u00e7\u00e3o da fam\u00edlia.<\/p>\n<h2>Dem\u00eancia \u00e9 um grupo de doen\u00e7as, n\u00e3o um \u00fanico diagn\u00f3stico<\/h2>\n<p>A doen\u00e7a de Alzheimer continua sendo a forma mais comum de dem\u00eancia e costuma iniciar com dificuldades progressivas de mem\u00f3ria recente, acompanhadas, ao longo dos anos, de altera\u00e7\u00f5es em outras fun\u00e7\u00f5es cognitivas. Mas existem outros tipos importantes.<\/p>\n<p>A <a href=\"https:\/\/saude.abril.com.br\/medicina\/demencia-de-corpos-de-lewy-milton-nascimento\/\" target=\"_blank\" rel=\"noopener\"><strong>dem\u00eancia por corpos de Lewy<\/strong><\/a>, por exemplo, pode se manifestar com alucina\u00e7\u00f5es visuais bem definidas, oscila\u00e7\u00f5es importantes da aten\u00e7\u00e3o ao longo do dia e sintomas semelhantes aos da <a href=\"https:\/\/saude.abril.com.br\/medicina\/dia-mundial-da-doenca-de-parkinson-importancia-de-entender-quadro\/\" target=\"_blank\" rel=\"noopener\"><strong>doen\u00e7a de Parkinson<\/strong><\/a>, como rigidez e lentid\u00e3o dos movimentos.<\/p>\n<p>J\u00e1 a <a href=\"https:\/\/saude.abril.com.br\/medicina\/vivendo-com-demencia-bruce-willis-mantem-saude-mas-comecou-a-perder-a-fala\/\" target=\"_blank\" rel=\"noopener\"><strong>dem\u00eancia frontotemporal<\/strong> <\/a>costuma aparecer mais cedo do que o Alzheimer e frequentemente come\u00e7a com mudan\u00e7as marcantes de comportamento. Pessoas antes reservadas podem tornar-se impulsivas, perder a empatia, apresentar atitudes socialmente inadequadas ou desenvolver altera\u00e7\u00f5es importantes da linguagem.<\/p>\n<p>Tamb\u00e9m existe a <strong>dem\u00eancia vascular<\/strong>, relacionada a les\u00f5es provocadas por pequenos ou grandes acidentes vasculares cerebrais. Nesses casos, controlar fatores de risco como hipertens\u00e3o, diabetes, colesterol elevado e tabagismo faz parte do tratamento.<\/p>\n<div class=\"ads post-ads noreadme-audima\">\n    <span class=\"title\">Continua ap\u00f3s a publicidade<\/span><\/p>\n<div class=\"abrAD\" data-format=\"intext\"><\/div>\n<\/div>\n<p>H\u00e1 ainda condi\u00e7\u00f5es que podem provocar altera\u00e7\u00f5es cognitivas e serem confundidas com dem\u00eancias neurodegenerativas. Uma delas \u00e9 a <strong>hidrocefalia de press\u00e3o normal (HPN)<\/strong>, caracterizada pelo ac\u00famulo de l\u00edquido cefalorraquidiano no c\u00e9rebro e que costuma se manifestar pela combina\u00e7\u00e3o de altera\u00e7\u00f5es da marcha, comprometimento cognitivo e incontin\u00eancia urin\u00e1ria.<\/p>\n<p>O cantor e compositor<a href=\"https:\/\/saude.abril.com.br\/medicina\/hpn-o-que-e-o-problema-cerebral-de-chico-buarque-entenda\/\" target=\"_blank\" rel=\"noopener\"><strong> Chico Buarque<\/strong><\/a> tornou p\u00fablico seu diagn\u00f3stico de HPN, condi\u00e7\u00e3o que merece aten\u00e7\u00e3o justamente porque, diferentemente de muitas doen\u00e7as neurodegenerativas, pode responder ao tratamento, com possibilidade de melhora dos sintomas em pacientes adequadamente selecionados.<\/p>\n<p>Embora todas provoquem comprometimento cognitivo, cada uma apresenta caracter\u00edsticas pr\u00f3prias e evolui de maneira diferente.<\/p>\n<p><strong>+Leia tamb\u00e9m:\u00a0<a href=\"https:\/\/saude.abril.com.br\/medicina\/tipos-de-demencia\/\" target=\"_blank\" rel=\"noopener\">Dem\u00eancia n\u00e3o \u00e9 tudo igual: saiba quais tipos existem e como diagnosticar<\/a><\/strong><\/p>\n<h2>Nem toda dem\u00eancia come\u00e7a pela mem\u00f3ria<\/h2>\n<p>Esse talvez seja um dos conceitos mais importantes. Muitas fam\u00edlias procuram atendimento dizendo que \u201ca mem\u00f3ria est\u00e1 boa\u201d, mas percebem <strong>mudan\u00e7as importantes de personalidade<\/strong>, dificuldade para encontrar palavras, altera\u00e7\u00f5es de comportamento ou epis\u00f3dios de confus\u00e3o. Esses sintomas tamb\u00e9m podem representar uma doen\u00e7a neurodegenerativa.<\/p>\n<div class=\"ads post-ads noreadme-audima\">\n    <span class=\"title\">Continua ap\u00f3s a publicidade<\/span><\/p>\n<div class=\"abrAD\" data-format=\"intext\"><\/div>\n<\/div>\n<p>Casos envolvendo figuras p\u00fablicas ajudam a mostrar como diferentes doen\u00e7as podem estar por tr\u00e1s de quadros de dem\u00eancia. O ator <a href=\"https:\/\/saude.abril.com.br\/medicina\/vivendo-com-demencia-bruce-willis-mantem-saude-mas-comecou-a-perder-a-fala\/\" target=\"_blank\" rel=\"noopener\"><strong>Bruce Willis<\/strong><\/a> e o jornalista <a href=\"https:\/\/saude.abril.com.br\/medicina\/o-que-e-demencia-frontotemporal-doenca-de-mauricio-kubrusly\/\" target=\"_blank\" rel=\"noopener\"><strong>Maur\u00edcio Kubrusly<\/strong><\/a>, por exemplo, foram diagnosticados com dem\u00eancia frontotemporal, doen\u00e7a que pode afetar de forma importante o comportamento e a linguagem.<\/p>\n<p>No caso do ator <strong>Robin Williams<\/strong>, a aut\u00f3psia realizada ap\u00f3s sua morte revelou dem\u00eancia por corpos de Lewy, enquanto o ex-presidente <a href=\"https:\/\/saude.abril.com.br\/medicina\/fhc-o-que-acontece-no-estagio-avancado-do-alzheimer\/\" target=\"_blank\" rel=\"noopener\"><strong>Fernando Henrique Cardoso<\/strong> <\/a>tem diagn\u00f3stico de doen\u00e7a de Alzheimer.<\/p>\n<p>Mais recentemente, o especialista em avia\u00e7\u00e3o e criador do canal<em> Avi\u00f5es e M\u00fasicas<\/em>, <strong>Lito Sousa<\/strong>, foi diagnosticado com a <a href=\"https:\/\/saude.abril.com.br\/medicina\/lito-sousa-recebe-diagnostico-de-creutzfeld-jakob-entenda-a-condicao-cerebral-degenerativa\/\" target=\"_blank\" rel=\"noopener\"><strong>doen\u00e7a de Creutzfeldt-Jakob<\/strong><\/a>, uma doen\u00e7a pri\u00f4nica rara e rapidamente progressiva que pode provocar decl\u00ednio da mem\u00f3ria, comprometimento de outras fun\u00e7\u00f5es cognitivas e altera\u00e7\u00f5es motoras.<\/p>\n<p>No caso de Lito, a fam\u00edlia informou que ele permanece l\u00facido, apesar do avan\u00e7o dos comprometimentos f\u00edsicos.<\/p>\n<p>Os exemplos mostram por que a palavra \u201cdem\u00eancia\u201d n\u00e3o deve ser usada como sin\u00f4nimo de Alzheimer. As doen\u00e7as que podem produzir comprometimento cognitivo t\u00eam causas, manifesta\u00e7\u00f5es e velocidades de progress\u00e3o muito diferentes, e reconhecer essas particularidades \u00e9 parte fundamental do diagn\u00f3stico.<\/p>\n<div class=\"ads post-ads noreadme-audima\">\n    <span class=\"title\">Continua ap\u00f3s a publicidade<\/span><\/p>\n<div class=\"abrAD\" data-format=\"intext\"><\/div>\n<\/div>\n<h2>O diagn\u00f3stico correto muda o tratamento<\/h2>\n<p>Identificar o tipo de dem\u00eancia vai muito al\u00e9m de dar um nome \u00e0 doen\u00e7a. Alguns <strong>medicamentos<\/strong> utilizados na doen\u00e7a de Alzheimer podem beneficiar determinados pacientes, mas apresentam pouca efic\u00e1cia em outras dem\u00eancias.<\/p>\n<p>Por outro lado, existem situa\u00e7\u00f5es em que certos rem\u00e9dios podem agravar sintomas espec\u00edficos, especialmente em pessoas com dem\u00eancia por corpos de Lewy, tornando ainda mais importante uma avalia\u00e7\u00e3o especializada.<\/p>\n<p>Al\u00e9m do tratamento medicamentoso, o diagn\u00f3stico correto permite orientar melhor os familiares sobre a evolu\u00e7\u00e3o esperada, planejar adapta\u00e7\u00f5es na rotina, organizar os cuidados futuros e oferecer suporte adequado ao paciente.<\/p>\n<p>Hoje, exames de imagem, <a href=\"https:\/\/saude.abril.com.br\/coluna\/check-up-com-sidney-klajner\/testes-neuropsicologicos-nao-sao-oraculos-e-nao-dao-diagnostico-sozinhos\/\" target=\"_blank\" rel=\"noopener\"><strong>testes neuropsicol\u00f3gicos<\/strong> <\/a>e, em casos selecionados, <a href=\"https:\/\/saude.abril.com.br\/medicina\/em-estudo-exame-de-sangue-revela-sinais-de-alzheimer-decadas-antes-dos-sintomas\/\" target=\"_blank\" rel=\"noopener\"><strong>biomarcadores<\/strong> <\/a>ajudam a aumentar a precis\u00e3o diagn\u00f3stica, permitindo uma abordagem cada vez mais personalizada.<\/p>\n<h2>Conhecer a doen\u00e7a \u00e9 o primeiro passo para cuidar melhor<\/h2>\n<p>O envelhecimento da popula\u00e7\u00e3o faz com que os casos de dem\u00eancia aumentem em todo o mundo. Ao mesmo tempo, a neurologia avan\u00e7a rapidamente na compreens\u00e3o dessas doen\u00e7as, mostrando que elas n\u00e3o podem mais ser tratadas como um \u00fanico problema.<\/p>\n<div class=\"ads post-ads noreadme-audima\">\n    <span class=\"title\">Continua ap\u00f3s a publicidade<\/span><\/p>\n<div class=\"abrAD\" data-format=\"intext\"><\/div>\n<\/div>\n<p>Quanto mais cedo altera\u00e7\u00f5es cognitivas, de comportamento ou de linguagem forem reconhecidas, maiores s\u00e3o as possibilidades de estabelecer o diagn\u00f3stico, controlar sintomas, planejar o tratamento e preservar a qualidade de vida do paciente e de sua fam\u00edlia.<\/p>\n<p>Mais importante do que perguntar <strong>\u201cser\u00e1 que \u00e9 Alzheimer?\u201d<\/strong> \u00c9 entender que existem diferentes tipos de dem\u00eancia, e que cada um deles exige uma abordagem pr\u00f3pria.<\/p>\n<p><em>*Marcelo Zalli \u00e9 neurologista, professor titular de neurologia na Universidade do Vale do Itaja\u00ed, membro da Brazil Health<\/em><\/p>\n<p><em>(Este texto foi produzido em uma parceria exclusiva entre VEJA SA\u00daDE e <a href=\"https:\/\/www.brazilhealth.com\/\" target=\"_blank\" rel=\"noopener\">Brazil Health<\/a>)<\/em><\/p>\n<p><img loading=\"lazy\" decoding=\"async\" loading=\"lazy\" alt=\"brazil-health\" class=\"aligncenter size-full wp-image-1083\" src=\"https:\/\/thaisromano.com.br\/blog\/wp-content\/uploads\/2026\/09\/Logo.webp\" border=\"0\" title=\"brazil health\" width=\"900\" height=\"314\" data-restrict=\"false\" data-portal-copyright=\"Logo: Brazil Health\" data-image-caption=\"\" data-image-title=\"\" data-image-source=\"Reprodu\u00e7\u00e3o\" srcset=\"https:\/\/thaisromano.com.br\/blog\/wp-content\/uploads\/2026\/09\/Logo.webp 900w, https:\/\/thaisromano.com.br\/blog\/wp-content\/uploads\/2026\/09\/Logo-300x105.webp 300w, https:\/\/thaisromano.com.br\/blog\/wp-content\/uploads\/2026\/09\/Logo-768x268.webp 768w\" sizes=\"auto, (max-width: 900px) 100vw, 900px\" \/><\/p>\n<div class=\"ads after-text noreadme-audima\">\n    <span class=\"title\">Publicidade<\/span><\/p>\n<div class=\"abrAD\" data-format=\"aftertext\" data-mapping=\"intext\"><\/div>\n<\/div>\n<p class=\"fonte-original\"><em>Fonte: <a href=\"https:\/\/saude.abril.com.br\/medicina\/nem-toda-perda-de-memoria-e-alzheimer-conheca-outros-tipos-de-demencia\/\" target=\"_blank\" rel=\"nofollow noopener\">saude.abril.com.br<\/a><\/em><\/p>\n","protected":false},"excerpt":{"rendered":"<p>Entenda como o sintoma deve ser investigado e como isso muda a conduta do m\u00e9dico e da fam\u00edlia<\/p>\n","protected":false},"author":0,"featured_media":1082,"comment_status":"open","ping_status":"","sticky":false,"template":"","format":"standard","meta":{"footnotes":""},"categories":[1],"tags":[],"class_list":["post-1081","post","type-post","status-publish","format-standard","has-post-thumbnail","hentry","category-nutricao"],"_links":{"self":[{"href":"https:\/\/thaisromano.com.br\/blog\/wp-json\/wp\/v2\/posts\/1081","targetHints":{"allow":["GET"]}}],"collection":[{"href":"https:\/\/thaisromano.com.br\/blog\/wp-json\/wp\/v2\/posts"}],"about":[{"href":"https:\/\/thaisromano.com.br\/blog\/wp-json\/wp\/v2\/types\/post"}],"replies":[{"embeddable":true,"href":"https:\/\/thaisromano.com.br\/blog\/wp-json\/wp\/v2\/comments?post=1081"}],"version-history":[{"count":1,"href":"https:\/\/thaisromano.com.br\/blog\/wp-json\/wp\/v2\/posts\/1081\/revisions"}],"predecessor-version":[{"id":1084,"href":"https:\/\/thaisromano.com.br\/blog\/wp-json\/wp\/v2\/posts\/1081\/revisions\/1084"}],"wp:featuredmedia":[{"embeddable":true,"href":"https:\/\/thaisromano.com.br\/blog\/wp-json\/wp\/v2\/media\/1082"}],"wp:attachment":[{"href":"https:\/\/thaisromano.com.br\/blog\/wp-json\/wp\/v2\/media?parent=1081"}],"wp:term":[{"taxonomy":"category","embeddable":true,"href":"https:\/\/thaisromano.com.br\/blog\/wp-json\/wp\/v2\/categories?post=1081"},{"taxonomy":"post_tag","embeddable":true,"href":"https:\/\/thaisromano.com.br\/blog\/wp-json\/wp\/v2\/tags?post=1081"}],"curies":[{"name":"wp","href":"https:\/\/api.w.org\/{rel}","templated":true}]}}