{"id":1001,"date":"2026-08-16T07:04:48","date_gmt":"2026-08-16T10:04:48","guid":{"rendered":"https:\/\/thaisromano.com.br\/blog\/compulsao-alimentar-esta-ligada-ao-consumo-de-ultraprocessados-indica-estudo\/"},"modified":"2026-08-16T22:11:21","modified_gmt":"2026-08-17T01:11:21","slug":"compulsao-alimentar-esta-ligada-ao-consumo-de-ultraprocessados-indica-estudo","status":"publish","type":"post","link":"https:\/\/thaisromano.com.br\/blog\/compulsao-alimentar-esta-ligada-ao-consumo-de-ultraprocessados-indica-estudo\/","title":{"rendered":"Compuls\u00e3o alimentar est\u00e1 ligada ao consumo de ultraprocessados, indica estudo"},"content":{"rendered":"<p>Ao analisar 41 estudos publicados entre 1973 e 2025, pesquisadores dos Estados Unidos observaram que produtos <a href=\"https:\/\/saude.abril.com.br\/tudo-sobre\/ultraprocessados\" target=\"_blank\" rel=\"noopener\">ultraprocessados <\/a>est\u00e3o associados \u00e0 maioria dos casos de <a href=\"https:\/\/saude.abril.com.br\/tudo-sobre\/compulsao-alimentar\" target=\"_blank\" rel=\"noopener\"><strong>compuls\u00e3o alimentar<\/strong><\/a>.<\/p>\n<p>Segundo a revis\u00e3o, publicada no<em> <\/em><a href=\"https:\/\/onlinelibrary.wiley.com\/doi\/10.1002\/eat.70069\" target=\"_blank\" rel=\"noopener\"><em>International Journal of Eating Disorders<\/em><\/a>, cerca de <strong>70% dos alimentos<\/strong> consumidos durante epis\u00f3dios de compuls\u00e3o s\u00e3o ultraprocessados, enquanto apenas <strong>15% s\u00e3o minimamente processados<\/strong>.<\/p>\n<div class=\"noreadme-audima ads video-ads\">\n<div class=\"abrAD\" data-format=\"intext_video\"><\/div>\n<\/div>\n<p>Nenhum estudo mostrou compuls\u00e3o apenas com <strong>alimentos <em>in natura<\/em><\/strong><em>,<\/em> como frutas e hortali\u00e7as. Os mais consumidos nos epis\u00f3dios do transtorno s\u00e3o <strong>bolo, sorvete, biscoitos, chocolate, pizza e salgadinhos<\/strong>.<\/p>\n<p>A <strong>compuls\u00e3o alimentar<\/strong> \u00e9 caracterizada por epis\u00f3dios recorrentes \u2014 pelo menos uma vez por semana, durante tr\u00eas meses \u2014 de ingest\u00e3o de grandes quantidades de comida, acompanhados de <strong>sensa\u00e7\u00e3o de perda de controle<\/strong>.<\/p>\n<p>\u201cPara fins diagn\u00f3sticos, \u00e9 importante observar o contexto em que essa ingest\u00e3o ocorre, al\u00e9m da frequ\u00eancia e do sofrimento emocional associado\u201d, explica a psic\u00f3loga <strong>Patr\u00edcia Cristina Gomes<\/strong>, especialista em <strong>transtornos alimentares<\/strong> do Espa\u00e7o Einstein Bem-Estar e Sa\u00fade Mental, do Einstein Hospital Israelita.<\/p>\n<div class=\"ads post-ads noreadme-audima\">\n    <span class=\"title\">Continua ap\u00f3s a publicidade<\/span><\/p>\n<div class=\"abrAD\" data-format=\"intext\"><\/div>\n<\/div>\n<p><strong>+Leia tamb\u00e9m:\u00a0<a href=\"https:\/\/saude.abril.com.br\/alimentacao\/jejum-intermitente-pode-aumentar-episodios-de-compulsao-alimentar\/\" target=\"_blank\" rel=\"noopener\">Jejum intermitente pode aumentar epis\u00f3dios de compuls\u00e3o alimentar<\/a><\/strong><\/p>\n<p>Estima-se que o transtorno afete entre <strong>1% e 3% da popula\u00e7\u00e3o<\/strong>. Uma pessoa com essa condi\u00e7\u00e3o pode consumir at\u00e9 <strong>5 mil calorias<\/strong> em um \u00fanico epis\u00f3dio.<\/p>\n<p>Para se ter ideia, a m\u00e9dia di\u00e1ria recomendada para a popula\u00e7\u00e3o geral fica entre <strong>1.800 e 2 mil calorias<\/strong>.<\/p>\n<div class=\"ads post-ads noreadme-audima\">\n    <span class=\"title\">Continua ap\u00f3s a publicidade<\/span><\/p>\n<div class=\"abrAD\" data-format=\"intext\"><\/div>\n<\/div>\n<p>Embora <a href=\"https:\/\/saude.abril.com.br\/tudo-sobre\/saude-mental\" target=\"_blank\" rel=\"noopener\">fatores psicol\u00f3gicos<\/a> continuem centrais, o estudo chama aten\u00e7\u00e3o para o papel dos pr\u00f3prios alimentos.<\/p>\n<p>\u201cN\u00e3o \u00e9 s\u00f3 uma quest\u00e3o de \u2018falta de controle\u2019 ou prefer\u00eancia. Os <strong>ultraprocessados<\/strong> t\u00eam caracter\u00edsticas que favorecem o consumo excessivo, como serem muito <strong>palat\u00e1veis<\/strong>, combinarem <strong>a\u00e7\u00facar e gordura<\/strong>, serem absorvidos rapidamente e ativarem o <strong>sistema de recompensa<\/strong>\u201d, diz Gomes.<\/p>\n<p>Algumas pessoas s\u00e3o mais sens\u00edveis a esses est\u00edmulos, o que aumenta o risco de compuls\u00e3o. Al\u00e9m disso, situa\u00e7\u00f5es de <strong><a href=\"https:\/\/saude.abril.com.br\/tudo-sobre\/estresse\" target=\"_blank\" rel=\"noopener\">estresse<\/a>, <a href=\"https:\/\/saude.abril.com.br\/tudo-sobre\/ansiedade\" target=\"_blank\" rel=\"noopener\">ansiedade<\/a> e <a href=\"https:\/\/saude.abril.com.br\/tudo-sobre\/depressao\" target=\"_blank\" rel=\"noopener\">tristeza<\/a><\/strong> tamb\u00e9m favorecem a busca por esse tipo de comida.<\/p>\n<div class=\"ads post-ads noreadme-audima\">\n    <span class=\"title\">Continua ap\u00f3s a publicidade<\/span><\/p>\n<div class=\"abrAD\" data-format=\"intext\"><\/div>\n<\/div>\n<p>A psic\u00f3loga conta que, na pr\u00e1tica cl\u00ednica, \u00e9 comum pacientes relatarem compuls\u00e3o com <strong>doces, <a href=\"https:\/\/saude.abril.com.br\/medicina\/morte-influencer-10-mil-calorias-dia\/\" target=\"_blank\" rel=\"noopener\">fast-food<\/a> ou snacks<\/strong>, e dificilmente com alimentos naturais.<\/p>\n<p>As escolhas \u00e0 mesa ainda se somam a outros fatores importantes, como <strong>restri\u00e7\u00e3o alimentar<\/strong>, emo\u00e7\u00f5es negativas e a pr\u00f3pria <strong>rela\u00e7\u00e3o da pessoa com a comida<\/strong>.<\/p>\n<p>Restringir excessivamente a dieta <a href=\"https:\/\/saude.abril.com.br\/alimentacao\/restricao-a-mesa-aumenta-risco-de-transtorno-alimentar\/\" target=\"_blank\" rel=\"noopener\">pode aumentar o risco de epis\u00f3dios de compuls\u00e3o<\/a>, pois quando o indiv\u00edduo entra em contato com eles, h\u00e1 maior chance de perda de controle.<\/p>\n<div class=\"ads post-ads noreadme-audima\">\n    <span class=\"title\">Continua ap\u00f3s a publicidade<\/span><\/p>\n<div class=\"abrAD\" data-format=\"intext\"><\/div>\n<\/div>\n<p>Da\u00ed a import\u00e2ncia de manter uma <strong>rotina regular<\/strong> e trabalhar a rela\u00e7\u00e3o com a alimenta\u00e7\u00e3o <strong>sem culpa<\/strong> ou pensamentos de \u201c<strong>tudo ou nada<\/strong>\u201d.<\/p>\n<p>\u201cA compuls\u00e3o alimentar \u00e9 <strong>multifatorial<\/strong>, envolve aspectos emocionais, cognitivos, sociais e biol\u00f3gicos. Nem todas as pessoas expostas a esses alimentos desenvolvem o transtorno\u201d, pondera a psic\u00f3loga do Einstein. Nos casos em que h\u00e1 suspeita da condi\u00e7\u00e3o, vale procurar <strong>atendimento especializado<\/strong>, se poss\u00edvel com <strong>equipe multidisciplinar<\/strong>, como nutricionista, psic\u00f3logo e m\u00e9dico psiquiatra.<\/p>\n<section class=\"noreadme-audima block newsletter  single-newsletter\">\n<div class=\"noreadme-audima title-newsletter\">Newsletter<\/div>\n<div class=\"container\">\n<div class=\"row\">\n<div class=\"noreadme-audima col-s-12 col-l-12 newsletter-single-desc\">\n                            <span class=\"description\">Receba, toda semana, as reportagens de Veja Sa\u00fade que mais deram o que falar.<br \/>\n                                <strong><br \/>\n                                    <span class=\"noreadme-audima btn-newsletter-assine\">Inscreva-se aqui<\/span><br \/>\n                                <\/strong>para receber a nossa newsletter<br \/>\n                            <\/span>\n                        <\/div>\n<div class=\"noreadme-audima sib_embed_signup col-s-12 col-l-12 content-newsletter\" data-form=\"the_form_SAUDE372\">\n<fieldset>\n<div class=\"sib_loading_gif_area\">\n                                    <img decoding=\"async\" src=\"https:\/\/thaisromano.com.br\/blog\/wp-content\/uploads\/2026\/08\/ajax-loader.webp\" class=\"noreadme-audima widget-newsletter-loading-img\" alt=\"Carregando\">\n                                <\/div>\n<div class=\"noreadme-audima widget-newsletter-white-transparent\"><\/div>\n<p>                                <i class=\"icon exclamation-outline\"><\/i><\/p>\n<\/fieldset>\n<div class=\"abril-offers\">\n<p>                                    <label for=\"ABRIL_OFFERS_SAUDE372\">Aceito receber ofertas produtos e servi\u00e7os do Grupo Abril.<\/label>\n                                <\/div>\n<div class=\"sib-container\"><\/div>\n<\/p><\/div>\n<div class=\"msg-return\">\n<h2>Cadastro efetuado com sucesso!<\/h2>\n<p>Voc\u00ea receber\u00e1 nossas newsletters em breve.<\/p>\n<\/p><\/div>\n<\/p><\/div>\n<\/p><\/div>\n<\/section>\n<p><a class=\"whatsapp-news-single\" href=\"https:\/\/whatsapp.com\/channel\/0029VaAXUgQG3R3lgKOS5n45\" target=\"_blank\" rel=\"noopener\"><span>Clique aqui para entrar em nosso canal no WhatsApp<\/span><\/a><\/p>\n<div class=\"ads after-text noreadme-audima\">\n    <span class=\"title\">Publicidade<\/span><\/p>\n<div class=\"abrAD\" data-format=\"aftertext\" data-mapping=\"intext\"><\/div>\n<\/div>\n<p class=\"fonte-original\"><em>Fonte: <a href=\"https:\/\/saude.abril.com.br\/alimentacao\/compulsao-alimentar-esta-ligada-ao-consumo-de-ultraprocessados-indica-estudo\/\" target=\"_blank\" rel=\"nofollow noopener\">saude.abril.com.br<\/a><\/em><\/p>\n","protected":false},"excerpt":{"rendered":"<p>Revis\u00e3o revela que, na maioria dos epis\u00f3dios do transtorno, os alimentos ingeridos em maior quantidade s\u00e3o considerados ultraprocessados<\/p>\n","protected":false},"author":0,"featured_media":1002,"comment_status":"open","ping_status":"","sticky":false,"template":"","format":"standard","meta":{"footnotes":""},"categories":[111],"tags":[],"class_list":["post-1001","post","type-post","status-publish","format-standard","has-post-thumbnail","hentry","category-na-midia"],"_links":{"self":[{"href":"https:\/\/thaisromano.com.br\/blog\/wp-json\/wp\/v2\/posts\/1001","targetHints":{"allow":["GET"]}}],"collection":[{"href":"https:\/\/thaisromano.com.br\/blog\/wp-json\/wp\/v2\/posts"}],"about":[{"href":"https:\/\/thaisromano.com.br\/blog\/wp-json\/wp\/v2\/types\/post"}],"replies":[{"embeddable":true,"href":"https:\/\/thaisromano.com.br\/blog\/wp-json\/wp\/v2\/comments?post=1001"}],"version-history":[{"count":1,"href":"https:\/\/thaisromano.com.br\/blog\/wp-json\/wp\/v2\/posts\/1001\/revisions"}],"predecessor-version":[{"id":1004,"href":"https:\/\/thaisromano.com.br\/blog\/wp-json\/wp\/v2\/posts\/1001\/revisions\/1004"}],"wp:featuredmedia":[{"embeddable":true,"href":"https:\/\/thaisromano.com.br\/blog\/wp-json\/wp\/v2\/media\/1002"}],"wp:attachment":[{"href":"https:\/\/thaisromano.com.br\/blog\/wp-json\/wp\/v2\/media?parent=1001"}],"wp:term":[{"taxonomy":"category","embeddable":true,"href":"https:\/\/thaisromano.com.br\/blog\/wp-json\/wp\/v2\/categories?post=1001"},{"taxonomy":"post_tag","embeddable":true,"href":"https:\/\/thaisromano.com.br\/blog\/wp-json\/wp\/v2\/tags?post=1001"}],"curies":[{"name":"wp","href":"https:\/\/api.w.org\/{rel}","templated":true}]}}